{"id":26097,"global_id":"www.zoomfestival.org\/es?id=26097","global_id_lineage":["www.zoomfestival.org\/es?id=26097"],"author":"8","status":"publish","date":"2025-11-03 11:53:56","date_utc":"2025-11-03 10:53:56","modified":"2025-11-19 11:00:11","modified_utc":"2025-11-19 10:00:11","url":"https:\/\/www.zoomfestival.org\/es\/esdeveniment\/showcase-talento-emergente-proyeccion-y-votacion","rest_url":"https:\/\/www.zoomfestival.org\/es\/wp-json\/tribe\/events\/v1\/events\/26097","title":"Showcase Talento Emergente. Proyecci\u00f3n y votaci\u00f3n","description":"<h1>ZOOM CLASS: Showcase Talento Emergente<\/h1>\n<p>Proyecci\u00f3n y votaci\u00f3n<\/p>\n<p><strong>Viernes 21 de noviembre. 11:30h. Teatre Ateneu Igualad\u00ed<\/strong><\/p>\n<p>Ven a la masterclass donde se proyectar\u00e1n varios trabajos presentados al Showcase Short Form, organizado conjuntamente con Serielizados Fest. Los asistentes podr\u00e1n votar el proyecto ganador, y el elegido recibir\u00e1 el premio Zoom a Mejor Piloto de Ficci\u00f3n 2025. Ser\u00e1 una oportunidad \u00fanica para ver propuestas frescas e innovadoras de la ficci\u00f3n serial, y formar parte del proceso de selecci\u00f3n de los mejores proyectos.<\/p>\n<p>Proyecci\u00f3n de los nominados:<\/p>\n<p>Pol y Obe de Robert Abecasis<br \/>\n\u201cPol es un adolescente so\u00f1ador y un poco torpe, obsesionado con conquistar la chica que le gusta y ser guai. Pero su vida se ve interrumpida por Obi, una entidad misteriosa, bromista y c\u00ednica, que aparece en el peor momento para sabotearlo.\u201d<\/p>\n<p>Josemi En l\u00ednea Animado de Josemi En l\u00ednea<br \/>\n\u00abUna serie de cortos ideados por Josemi En l\u00ednea y animados por Rub\u00e9n Del Pino en que se tratan temas como la cultura pop, internet y el costumbrismo, con el humor y la incomodidad como hilo conductor. Nominados a los \u00d2scar\u00bb<\/p>\n<p>(<3) de Norbert Palaz\u00f3n \u201c(<3) es una antolog\u00eda de chats de apps para ligar. Gente que se flipa, fantas\u00edas que te montas y, sobre todo, conversaciones de estas que cuando las vuelves a leer piensas: Por qu\u00e9 perd\u00ed el tiempo con esta persona?\u201d \nStorytellings con Emma de Emma Soler \n\u201cStorytellings con Emma\u201d es una serie de videos para internet que nace de dudas y reflexiones de una nueva adulta del siglo XXI. \"Ante la c\u00e1mara, converso como lo har\u00eda con una amiga, convirtiendo pensamientos en arte y, mica en mica, sac\u00e1ndome cosas del jefe.\u201d\"\n\n<strong>La votaci\u00f3n ser\u00e1 online in situ, despu\u00e9s de la proyecci\u00f3n de los nominados.<\/strong><\/p>","excerpt":"","slug":"showcase-talento-emergente-proyeccion-y-votacion","image":{"url":"https:\/\/www.zoomfestival.org\/wp-content\/uploads\/2025\/10\/ZoomFestival_2-scaled-1-e1761658253579.jpg","id":25582,"extension":"jpg","width":2560,"height":1706,"sizes":{"medium":{"width":300,"height":200,"mime-type":"image\/jpeg","url":"https:\/\/www.zoomfestival.org\/wp-content\/uploads\/2025\/10\/ZoomFestival_2-scaled-1-300x200.jpg"},"large":{"width":1024,"height":682,"mime-type":"image\/jpeg","url":"https:\/\/www.zoomfestival.org\/wp-content\/uploads\/2025\/10\/ZoomFestival_2-scaled-1-1024x682.jpg"},"thumbnail":{"width":150,"height":150,"mime-type":"image\/jpeg","url":"https:\/\/www.zoomfestival.org\/wp-content\/uploads\/2025\/10\/ZoomFestival_2-scaled-1-150x150.jpg"},"medium_large":{"width":768,"height":512,"mime-type":"image\/jpeg","url":"https:\/\/www.zoomfestival.org\/wp-content\/uploads\/2025\/10\/ZoomFestival_2-scaled-1-768x512.jpg"},"1536x1536":{"width":1536,"height":1024,"mime-type":"image\/jpeg","url":"https:\/\/www.zoomfestival.org\/wp-content\/uploads\/2025\/10\/ZoomFestival_2-scaled-1-1536x1024.jpg"},"2048x2048":{"width":2048,"height":1365,"mime-type":"image\/jpeg","url":"https:\/\/www.zoomfestival.org\/wp-content\/uploads\/2025\/10\/ZoomFestival_2-scaled-1-2048x1365.jpg"},"search_results":{"width":125,"height":125,"mime-type":"image\/jpeg","wpex_dynamic":true,"url":"https:\/\/www.zoomfestival.org\/wp-content\/uploads\/2025\/10\/ZoomFestival_2-scaled-1-e1761658253579-125x125.jpg"}}},"all_day":false,"start_date":"2025-11-21 11:30:00","start_date_details":{"year":"2025","month":"11","day":"21","hour":"11","minutes":"30","seconds":"00"},"end_date":"2025-11-21 13:00:00","end_date_details":{"year":"2025","month":"11","day":"21","hour":"13","minutes":"00","seconds":"00"},"utc_start_date":"2025-11-21 10:30:00","utc_start_date_details":{"year":"2025","month":"11","day":"21","hour":"10","minutes":"30","seconds":"00"},"utc_end_date":"2025-11-21 12:00:00","utc_end_date_details":{"year":"2025","month":"11","day":"21","hour":"12","minutes":"00","seconds":"00"},"timezone":"Europe\/Madrid","timezone_abbr":"CET","cost":"","cost_details":{"currency_symbol":"","currency_code":"","currency_position":"suffix","values":[]},"website":"","show_map":false,"show_map_link":true,"hide_from_listings":false,"sticky":false,"featured":false,"categories":[{"name":"Zoom Class","slug":"zoom-class-es","term_group":0,"term_taxonomy_id":141,"taxonomy":"tribe_events_cat","description":"","parent":0,"count":31,"filter":"raw","id":141,"urls":{"self":"https:\/\/www.zoomfestival.org\/es\/wp-json\/tribe\/events\/v1\/categories\/141","collection":"https:\/\/www.zoomfestival.org\/es\/wp-json\/tribe\/events\/v1\/categories"}}],"tags":[],"venue":{"id":10401,"author":"6","status":"publish","date":"2018-11-05 15:50:54","date_utc":"2018-11-05 14:50:54","modified":"2018-11-05 15:50:54","modified_utc":"2018-11-05 14:50:54","url":"https:\/\/www.zoomfestival.org\/es\/local\/teatro-municipal-el-ateneu","venue":"Teatro Municipal el Ateneu","slug":"teatro-municipal-el-ateneu","address":"C\/ Sant Pau n\u00ba 9","city":"C\/ Sant Pau n\u00ba 9","country":"Espanya","province":"Catalunya","zip":"08700","website":"www.ateneuigualadi.cat","stateprovince":"Catalunya","json_ld":{"@type":"Place","name":"Teatro Municipal el Ateneu","description":"","url":"","address":{"@type":"PostalAddress","streetAddress":"C\/ Sant Pau n\u00ba 9","addressLocality":"C\/ Sant Pau n\u00ba 9","addressRegion":"Catalunya","postalCode":"08700","addressCountry":"Espanya"},"telephone":"","sameAs":"www.ateneuigualadi.cat"},"show_map":true,"show_map_link":true,"global_id":"www.zoomfestival.org\/es?id=10401","global_id_lineage":["www.zoomfestival.org\/es?id=10401"]},"organizer":[],"json_ld":{"@context":"http:\/\/schema.org","@type":"Event","name":"Showcase Talento Emergente. Proyecci\u00f3n y votaci\u00f3n","description":"&lt;p&gt;ZOOM CLASS: Showcase Talento Emergente Proyecci\u00f3n y votaci\u00f3n Viernes 21 de noviembre. 11:30h. Teatre Ateneu Igualad\u00ed Ven a la masterclass donde se proyectar\u00e1n varios trabajos presentados al Showcase Short Form, organizado conjuntamente con Serielizados Fest. Los asistentes podr\u00e1n votar el&hellip;&lt;\/p&gt;\\n","image":"https:\/\/www.zoomfestival.org\/wp-content\/uploads\/2025\/10\/ZoomFestival_2-scaled-1-e1761658253579.jpg","url":"https:\/\/www.zoomfestival.org\/es\/esdeveniment\/showcase-talento-emergente-proyeccion-y-votacion\/","eventAttendanceMode":"https:\/\/schema.org\/OfflineEventAttendanceMode","startDate":"2025-11-21T11:30:00+01:00","endDate":"2025-11-21T13:00:00+01:00","location":{"@type":"Place","name":"Teatro Municipal el Ateneu","description":"","url":"","address":{"@type":"PostalAddress","streetAddress":"C\/ Sant Pau n\u00ba 9","addressLocality":"C\/ Sant Pau n\u00ba 9","addressRegion":"Catalunya","postalCode":"08700","addressCountry":"Espanya"},"telephone":"","sameAs":"www.ateneuigualadi.cat"},"performer":"Organization"}}