{"id":11763,"date":"2019-08-07T12:19:21","date_gmt":"2019-08-07T10:19:21","guid":{"rendered":"https:\/\/www.zoomfestival.org\/?p=11763"},"modified":"2019-09-20T12:45:45","modified_gmt":"2019-09-20T10:45:45","slug":"el-sector-audiovisual-responde-muy-positivamente-al-cambio-de-formato-del-zoom-festival","status":"publish","type":"post","link":"https:\/\/www.zoomfestival.org\/es\/arxius\/11763","title":{"rendered":"El sector audiovisual responde muy positivamente al cambio de formato del Zoom Festival"},"content":{"rendered":"<p>Unos cincuenta programas de televisi\u00f3n de entretenimiento, reportajes informativos, programas de deportes y otros g\u00e9neros de no ficci\u00f3n, adem\u00e1s de las tradicionales tvmovies y miniseries, se han presentado a la convocatoria para participar y llevarse los premios de la 17a edici\u00f3n del Zoom Festival, que tendr\u00e1 lugar en Igualada y Barcelona del 25 de noviembre al 1 de diciembre. Debido al buen ritmo de las inscripciones, que hab\u00edan de cerrarse este 31 de julio, la organizaci\u00f3n ha decidido ampliar la convocator\u00eda hasta el 9 de agosto.<\/p>\n<p>En las anteriores ediciones, el festival recib\u00eda una media de 30 proyectos y este a\u00f1o la cifra se ha disparado y se espera llegar a los sesenta. La organizaci\u00f3n atribuye este \u00e9xito de convocatoria al cambio de formato del Zoom, convertido en el Festival Internacional de contenidos audiovisuales de Catalunya, que por primera vez incorpora otros g\u00e9neros y tem\u00e1ticas. Si hasta ahora el Zoom era el \u00fanico festival dedicado a la ficci\u00f3n televisiva internacional en la secci\u00f3n oficial, este a\u00f1o da cabida a otros g\u00e9neros como el entretenimiento, los informativos, los programas culturales y divulgativos y los deportivos. Con la incorporaci\u00f3n de estas nuevas categor\u00edas, el Zoom se convierte en una plataforma con un modelo \u00fanico en el panorama de festivales, ya que permite que participen todos los contenidos audiovisuales independientemente del formato, canal de distribuci\u00f3n y audiencias, y se abre a todas la productoras, televisiones, estudiantes y realizadores independientes de todo el mundo, siempre y cuando el contenido audiovisual presentado (para todo tipo de pantalla) se ajuste a las bases de la secci\u00f3n oficial del Festival.<\/p>\n<p>Otra de las novedades destacadas de la edici\u00f3n de este a\u00f1o es que el Zoom programar\u00e1 distintos actos y actividades en universidades y centros educativos de audiovisuales de Barcelona, todo y que mantendr\u00e1 su sede en el Teatro Municipal y Cine del Ateneu de Igualada.<\/p>\n<p>De entre todos los proyectos presentados, se seleccionar\u00e1n los programas que optar\u00e1n a Premios Zoom que dar\u00e1 un jurado formado por profesionales del sector: mejor formato de Entretenimiento, mejor Ficci\u00f3n, mejor programa de Informativos, mejor programa Cultural&amp;Divulgativo y mejor programa de Deportes. Por otro lado, los estudiantes universitarios dar\u00e1n el Premio Mejor Youtuber y el premio Mejor Instagramer, valorando el contenido audiovisual.<\/p>\n<p>El Festival se completar\u00e1 con las secciones Zoom Series, con estrenas de cap\u00edtulos in\u00e9ditos de series de \u00e9xitos o presentaciones, con Zoom Km0, con producciones audiovisuales del territorio de la Anoia y Zoom Variet\u00e9s, una muestra de formatos curiosos o singulares de todo el mundo. El Talent Campus de Formatos de TV aportar\u00e1 la descubierta de talento a las productoras y TVs y, el Showcase de Pilotos de Ficci\u00f3n, coorganizado con Serializados, proporcionar\u00e1 al nuevo talento la oportunidad de entrar en el mundo profesional y se proyectar\u00e1 Serializados Fest. Adem\u00e1s, los formatos seleccionados en las categor\u00edas de no ficci\u00f3n ser\u00e1n objeto de estudio de los estudiantes universitarios a las ZoomClass de Barcelona y Igualada.<\/p>\n<p>El Festival Zoom ser\u00e1 organizado por el Ateneu Igualad\u00ed i cuenta con el soporte de la Diputaci\u00f3n de Barcelona, el Departamento de Cultura de la Generalitat y el Ayuntamiento de Igualada, con el patrocinio de DO Catalunya, el Concesionario Audi Wolkswagen Skoda Servisim\u00f3 y la colaboraci\u00f3n de De Verit\u00e9 Produccions y la XAL y la Corporaci\u00f3 Catalana de Mitjans Audiovisuals.<\/p>\n","protected":false},"excerpt":{"rendered":"<p>Unos cincuenta programas de televisi\u00f3n de entretenimiento, reportajes informativos, programas de deportes y otros g\u00e9neros de no ficci\u00f3n, adem\u00e1s de las tradicionales tvmovies y miniseries, se han presentado a la convocatoria para participar y llevarse los premios de la 17a&hellip;<\/p>\n","protected":false},"author":7,"featured_media":11739,"comment_status":"open","ping_status":"open","sticky":false,"template":"","format":"standard","meta":{"_mi_skip_tracking":false},"categories":[44],"tags":[],"_links":{"self":[{"href":"https:\/\/www.zoomfestival.org\/es\/wp-json\/wp\/v2\/posts\/11763"}],"collection":[{"href":"https:\/\/www.zoomfestival.org\/es\/wp-json\/wp\/v2\/posts"}],"about":[{"href":"https:\/\/www.zoomfestival.org\/es\/wp-json\/wp\/v2\/types\/post"}],"author":[{"embeddable":true,"href":"https:\/\/www.zoomfestival.org\/es\/wp-json\/wp\/v2\/users\/7"}],"replies":[{"embeddable":true,"href":"https:\/\/www.zoomfestival.org\/es\/wp-json\/wp\/v2\/comments?post=11763"}],"version-history":[{"count":4,"href":"https:\/\/www.zoomfestival.org\/es\/wp-json\/wp\/v2\/posts\/11763\/revisions"}],"predecessor-version":[{"id":11767,"href":"https:\/\/www.zoomfestival.org\/es\/wp-json\/wp\/v2\/posts\/11763\/revisions\/11767"}],"wp:featuredmedia":[{"embeddable":true,"href":"https:\/\/www.zoomfestival.org\/es\/wp-json\/wp\/v2\/media\/11739"}],"wp:attachment":[{"href":"https:\/\/www.zoomfestival.org\/es\/wp-json\/wp\/v2\/media?parent=11763"}],"wp:term":[{"taxonomy":"category","embeddable":true,"href":"https:\/\/www.zoomfestival.org\/es\/wp-json\/wp\/v2\/categories?post=11763"},{"taxonomy":"post_tag","embeddable":true,"href":"https:\/\/www.zoomfestival.org\/es\/wp-json\/wp\/v2\/tags?post=11763"}],"curies":[{"name":"wp","href":"https:\/\/api.w.org\/{rel}","templated":true}]}}