{"id":11849,"date":"2019-10-09T15:48:39","date_gmt":"2019-10-09T13:48:39","guid":{"rendered":"https:\/\/www.zoomfestival.org\/?p=11849"},"modified":"2019-10-10T16:25:38","modified_gmt":"2019-10-10T14:25:38","slug":"en-marcha-el-3r-talent-campus-de-formatos-de-television-organitzado-por-zoom-festival","status":"publish","type":"post","link":"https:\/\/www.zoomfestival.org\/es\/arxius\/11849","title":{"rendered":"En marcha el 3r Talent Campus de Formatos de Televisi\u00f3n organitzado por Zoom Festival"},"content":{"rendered":"<p>Ya estan abiertas las inscripciones para participar al 3r Talent Campus de Formatos de TV organizado por Zoom Festival, el Festival Internacional de Contenidos Audiovisuales de Catalunya, que celebra la 17a edici\u00f3n entre los d\u00edas 26 de noviemebre y 1 de diciembre de 2019 en Igualada y Barcelona. Una oportunidad para desarrollar idas propias de nuevos formatos para la televisi\u00f3n o otros canales con la guia y colaboraci\u00f3n de profesionales del sector. Todas las personas que quieran participar ya pueden presentar sus proyectos en la web del festival Zoom (<a href=\"https:\/\/www.zoomfestival.org\/es\/talent-campus-esp\/\">https:\/\/www.zoomfestival.org\/talent-campus\/<\/a>).<\/p>\n<p>Se escoger\u00e1n un m\u00e1ximo de doce propuestas de entre todas las presentadas, que podr\u00e1n participar en una estada formativa en Igualada, d\u00f3nde podran asistir a las ZoomClass matutinas impartidas por profesionales de formatos de televisi\u00f3n y en sesiones tutoriales personalizadas por las tardes, los d\u00edas 28 y 29 de noviembre. Adem\u00e1s, los participantes podr\u00e1n presentar su proyecto en un pitching delante de la ind\u00fastria (televisiones y productoras), y podran asistir a la Gala de Cloenda y Entrega de Premios del Zoom Festival, el s\u00e1bado 30 de noviembre.<\/p>\n<p>En esta edici\u00f3n, los participantes contar\u00e1n con el asesoramiento de Toni Mar\u00edn y Mario Daza, productores de programas de grandes cadenas de televisi\u00f3n a nivel nacional y internacional.<\/p>\n<p>Para m\u00e1s informaci\u00f3n sobre el Talent Campus de Formatos de TV, pod\u00e9is consultar la web del Zoom Festival.<\/p>\n","protected":false},"excerpt":{"rendered":"<p>Ya estan abiertas las inscripciones para participar al 3r Talent Campus de Formatos de TV organizado por Zoom Festival, el Festival Internacional de Contenidos Audiovisuales de Catalunya, que celebra la 17a edici\u00f3n entre los d\u00edas 26 de noviemebre y 1&hellip;<\/p>\n","protected":false},"author":7,"featured_media":11888,"comment_status":"open","ping_status":"open","sticky":false,"template":"","format":"standard","meta":{"_mi_skip_tracking":false},"categories":[40],"tags":[],"_links":{"self":[{"href":"https:\/\/www.zoomfestival.org\/es\/wp-json\/wp\/v2\/posts\/11849"}],"collection":[{"href":"https:\/\/www.zoomfestival.org\/es\/wp-json\/wp\/v2\/posts"}],"about":[{"href":"https:\/\/www.zoomfestival.org\/es\/wp-json\/wp\/v2\/types\/post"}],"author":[{"embeddable":true,"href":"https:\/\/www.zoomfestival.org\/es\/wp-json\/wp\/v2\/users\/7"}],"replies":[{"embeddable":true,"href":"https:\/\/www.zoomfestival.org\/es\/wp-json\/wp\/v2\/comments?post=11849"}],"version-history":[{"count":2,"href":"https:\/\/www.zoomfestival.org\/es\/wp-json\/wp\/v2\/posts\/11849\/revisions"}],"predecessor-version":[{"id":11851,"href":"https:\/\/www.zoomfestival.org\/es\/wp-json\/wp\/v2\/posts\/11849\/revisions\/11851"}],"wp:featuredmedia":[{"embeddable":true,"href":"https:\/\/www.zoomfestival.org\/es\/wp-json\/wp\/v2\/media\/11888"}],"wp:attachment":[{"href":"https:\/\/www.zoomfestival.org\/es\/wp-json\/wp\/v2\/media?parent=11849"}],"wp:term":[{"taxonomy":"category","embeddable":true,"href":"https:\/\/www.zoomfestival.org\/es\/wp-json\/wp\/v2\/categories?post=11849"},{"taxonomy":"post_tag","embeddable":true,"href":"https:\/\/www.zoomfestival.org\/es\/wp-json\/wp\/v2\/tags?post=11849"}],"curies":[{"name":"wp","href":"https:\/\/api.w.org\/{rel}","templated":true}]}}