{"id":12747,"date":"2019-11-05T16:15:29","date_gmt":"2019-11-05T15:15:29","guid":{"rendered":"https:\/\/www.zoomfestival.org\/premi-do-catalunya-i-premi-auguri-sita-mur-dos-premis-del-zoom-per-votacio-popular\/"},"modified":"2019-11-06T18:04:28","modified_gmt":"2019-11-06T17:04:28","slug":"premi-do-catalunya-i-premi-auguri-sita-mur-dos-premis-del-zoom-per-votacio-popular","status":"publish","type":"post","link":"https:\/\/www.zoomfestival.org\/es\/arxius\/12747","title":{"rendered":"DO Catalunya y Auguri Sita Murt: dos premios Zoom por votaci\u00f3n popular"},"content":{"rendered":"<h3>Premio DO Catalunya al Mejor Formato de TV Catal\u00e1n<\/h3>\n<p>Este a\u00f1o, la Denominaci\u00f3 d&#8217;Origen (DO) Catalunya, colaboradora habitual del Zoom Festival, patrocina un nuevo premio del Festival Zoom: el premio \u201cDO Catalunya al Mejor Formato de TV Catal\u00e1n\u201d. Adem\u00e1s de estrenar una nueva categor\u00eda de premios, el Zoom Festival y la DO Catalunya han decidido abrir el premio a votaci\u00f3n popular, para que sea el p\u00fablico quien decida el formato ganador.<\/p>\n<p>Los candidatos que optan al premio son:<\/p>\n<ul>\n<li><strong>APM?<\/strong> de Televisi\u00f3n de Catalu\u00f1a<\/li>\n<li><strong>Quan arribin els marcians<\/strong> de Televisi\u00f3n de Catalu\u00f1a<\/li>\n<li><strong>Katalonski<\/strong> de Televisi\u00f3n de Catalu\u00f1a<\/li>\n<li><strong>Oh my Goig (s\u00e9rie)<\/strong> de Barcelona Televisi\u00f3n<\/li>\n<li><strong>El Brot<\/strong> de Pened\u00e8s Televisi\u00f3n<\/li>\n<\/ul>\n<p>Se puede votar mediante la p\u00e1gina <a href=\"https:\/\/docat.cat\/zoom-festival-19\/\">web de la DO Catalunya<\/a> desde hoy hasta el pr\u00f3ximo 20 de noviembre. Los resultados se har\u00e1n p\u00fablicos en la gala de entrega de premios del 30 de noviembre en el Teatro Ateneu de Igualada.<\/p>\n<h3>Premio Auguri Sita Murt<\/h3>\n<p>El 11\u00ba Premio Auguri Sita Murt, que otorgan conjuntamente el Festival de Contenidos Audiovisuales de Catalu\u00f1a, Zoom Festival y la firma de moda femenina Sita Murt, tambi\u00e9n cambia de formato: se proponen tres candidatas para votar a trav\u00e9s de las redes sociales. Las finalistas al Premio Auguri Sita Murt, un galard\u00f3n al talento de j\u00f3venes actrices y comunicadoras del mundo del audiovisual con proyecci\u00f3n de futuro, son la actriz y presentadora, <strong>Mireia Agramunt<\/strong>, la actriz\u00a0<strong>Marina Salas<\/strong>, y la comunicadora <strong>Candela Figueras<\/strong>.<\/p>\n<p>La premiada se escoger\u00e1 a trav\u00e9s del Instagram del Zoom Festival\u00a0(@zoomfestival) y las votaciones estaran abiertas hasta el 20 de noviembre. La ganadora del Premio Auguri Sita Murt se har\u00e1 p\u00fablica en la gala de clausura, el d\u00eda 30 de noviembre en el Teatro Ateneu de Igualada, donde asistiran las tres finalistas. Para votar, se tendr\u00e1 que enviar un mensaje privado a la cuenta de Instagram del Zoom Festival con el nombre de la ganadora.<\/p>\n<p><strong>Mireia Agramunt<\/strong><\/p>\n<p>La actriz y presentadora Mireia Agramunt debut\u00f3 en la televisi\u00f3n en TV3 el a\u00f1o 2014 con\u00a0<em>El Crac<\/em>. En el 2018 form\u00f3 parte del repartimiento de la serie de Betev\u00e9 <em>Kim amb K<\/em>\u00a0y coprotagoniz\u00f3 la pel\u00edcula\u00a0<em>Cautivos<\/em> de Hugo Cobo. Recientemente ha rodado la pel\u00edcula\u00a0<em>Ap\u00f3stata,\u00a0<\/em>tambi\u00e9n de\u00a0Hugo Cobo y actualmente, desde 2017, copresenta el programa de <em>Ahora Caigo<\/em>\u00a0de Antena 3, junto a Arturo Valls.<\/p>\n<p><strong>Marina Salas<\/strong><\/p>\n<p>Por su lado, Marina Salas empez\u00f3 encadenando peque\u00f1os papeles en series hasta que lleg\u00f3 su gran oportunidad a nivel nacional con\u00a0<em>Desaparecida<\/em>, que emiti\u00f3 TVE. A partir de su participaci\u00f3n en la pel\u00edcula <em>A tres metros sobre el cielo<\/em>, gana reconocimiento como actriz. Acto seguido, consigue el papel de Vilma en la serie del barco que se emiti\u00f3 durante tres temporadas en Antena 3. Desde entonces participa en series muy reconocidas como\u00a0<em>Carlos, Rey Emperador<\/em>, <em>Los nuestros<\/em> o <em>La zona<\/em>. En la actualidad, acaba de finalizar el rodage de\u00a0<em>Hache<\/em>, serie original de Netflix, que se estren\u00f3 el pasado 1 de noviembre.<\/p>\n<p><strong>Candela Figueras<\/strong><\/p>\n<p>Candela Figueras, licenciada en comunicaci\u00f3n audiovisual, debut\u00f3 en el matinal <em>El mat\u00ed i la mare que el va parir<\/em> de R\u00e1dio Flaixbac. Sigui\u00f3 form\u00e1ndose como presentadora de informativos en la Televisi\u00f3n del Hospitalet. Su carrera profesional se mueve entre la televisi\u00f3n y la r\u00e1dio. Destacan las 7 temporadas en\u00a0<em>La segona hora<\/em> de Rac1, programa de humor l\u00edder en Catalu\u00f1a, en su franja horaria. En televisi\u00f3n, ha presentado galas como las Grosses de Cap d\u2019Any y Sant Jordi y La Nit de Merl\u00ed. Junto a Francesc Mauri, ha conducido el programa de producci\u00f3n igualadina\u00a0<em>Globus Sonda<\/em> de Tv3.<\/p>\n","protected":false},"excerpt":{"rendered":"<p>Premio DO Catalunya al Mejor Formato de TV Catal\u00e1n Este a\u00f1o, la Denominaci\u00f3 d&#8217;Origen (DO) Catalunya, colaboradora habitual del Zoom Festival, patrocina un nuevo premio del Festival Zoom: el premio \u201cDO Catalunya al Mejor Formato de TV Catal\u00e1n\u201d. Adem\u00e1s de&hellip;<\/p>\n","protected":false},"author":7,"featured_media":0,"comment_status":"open","ping_status":"open","sticky":false,"template":"","format":"standard","meta":{"_mi_skip_tracking":false},"categories":[44],"tags":[],"_links":{"self":[{"href":"https:\/\/www.zoomfestival.org\/es\/wp-json\/wp\/v2\/posts\/12747"}],"collection":[{"href":"https:\/\/www.zoomfestival.org\/es\/wp-json\/wp\/v2\/posts"}],"about":[{"href":"https:\/\/www.zoomfestival.org\/es\/wp-json\/wp\/v2\/types\/post"}],"author":[{"embeddable":true,"href":"https:\/\/www.zoomfestival.org\/es\/wp-json\/wp\/v2\/users\/7"}],"replies":[{"embeddable":true,"href":"https:\/\/www.zoomfestival.org\/es\/wp-json\/wp\/v2\/comments?post=12747"}],"version-history":[{"count":2,"href":"https:\/\/www.zoomfestival.org\/es\/wp-json\/wp\/v2\/posts\/12747\/revisions"}],"predecessor-version":[{"id":12749,"href":"https:\/\/www.zoomfestival.org\/es\/wp-json\/wp\/v2\/posts\/12747\/revisions\/12749"}],"wp:attachment":[{"href":"https:\/\/www.zoomfestival.org\/es\/wp-json\/wp\/v2\/media?parent=12747"}],"wp:term":[{"taxonomy":"category","embeddable":true,"href":"https:\/\/www.zoomfestival.org\/es\/wp-json\/wp\/v2\/categories?post=12747"},{"taxonomy":"post_tag","embeddable":true,"href":"https:\/\/www.zoomfestival.org\/es\/wp-json\/wp\/v2\/tags?post=12747"}],"curies":[{"name":"wp","href":"https:\/\/api.w.org\/{rel}","templated":true}]}}