{"id":13378,"date":"2019-11-27T13:49:40","date_gmt":"2019-11-27T12:49:40","guid":{"rendered":"https:\/\/www.zoomfestival.org\/?p=13378"},"modified":"2019-11-27T13:49:40","modified_gmt":"2019-11-27T12:49:40","slug":"arranca-la-17a-edicion-del-zoom-festival","status":"publish","type":"post","link":"https:\/\/www.zoomfestival.org\/es\/arxius\/13378","title":{"rendered":"Arranca la 17\u00aa edici\u00f3n del Zoom Festival"},"content":{"rendered":"<p>La 17\u00ba edici\u00f3n del Zoom Festival ha dado el pistoletazo de salida esta noche en el Teatro Municipal Ateneu de Igualada con el estreno de la pel\u00edcula <strong><em>\u00c8xode<\/em><\/strong> (2019), de Rom\u00e1n Parrado y coproducida por Televisi\u00f3 de Catalunya (TVC) y Set M\u00e0gic Audiovisual. Con esta proyecci\u00f3n, arranca el Festival Internacional de Contenidos Audiovisuales de Catalunya, que mostrar\u00e1 a lo largo de la semana m\u00e1s de treinta pel\u00edculas y programas de televisi\u00f3n y donde cincuenta producciones compiten por llevarse los Premios Zoom en las diversas categor\u00edas.<\/p>\n<p>Los directores del festival, Jordi Comellas y Anna Cervera, han dado la bienvenida al p\u00fablico que ha llenado el teatro para disfrutar de esta primera pel\u00edcula del Zoom Festival. Anna Cervera ha explicado que el Festival \u201cse posiciona como plataforma que apuesta por las producciones que no se estrenan en el cine, sino para la televisi\u00f3n o por internet y que se consumen desde cualquier dispositivo electr\u00f3nico\u201d. Por su parte, Jordi Comellas ha destacado que \u201cel Zoom da valor con la Secci\u00f3n Oficial a concurso y los premios Zoom, pero tambi\u00e9n apuesta por el descubrimiento del talento, la formaci\u00f3n y la industria\u201d.<\/p>\n<p>En representaci\u00f3n del Ayuntamiento de Igualada, el concejal de Promoci\u00f3n Cultural y Relaciones Institucionales, Pere Camps, ha explicado que el Zoom Festival tendr\u00e1 \u201cun peso enorme en la candidatura para que Igualada sea Capital de la Cultura Catalana 2022\u201d, y ha a\u00f1adido que el Zoom es uno de los festivales culturales con m\u00e1s proyecci\u00f3n internacional de la ciudad.<\/p>\n<p>Tambi\u00e9n ha dicho unas palabras en el acto inaugural el director del Institut Catal\u00e0 de les Empreses Culturals (ICEC) de la Generalitat de Catalunya, Miquel Curanta, que ha hecho una reflexi\u00f3n sobre los cambios del sector audiovisual, \u201cun sector del que la televisi\u00f3n p\u00fablica era motor a\u00f1os atr\u00e1s\u201d y que a d\u00eda de hoy, ha a\u00f1adido, con la irrupci\u00f3n de nuevas plataformas, \u201cha dado la oportunidad de crear contenido y hacerlo llegar a todo el mundo sin la necesidad pasar por la televisi\u00f3n convencional\u201d. En este sentido, Curanta ha destacado que \u201ctenemos una ventana de oportunidad enorme que desde la Generalitat de Catalunya intentaremos impulsar\u201d.<\/p>\n<p>Los asistentes al acto inaugural del Zoom Festival han podido disfrutar de la presencia de buena parte del reparto de la pel\u00edcula. Los actores Marcel Borr\u00e0s, Joan Amargos y \u00d2scar Mu\u00f1oz y las actrices Marta Aguilar y Roser Tapias han presentado el filme ambientado en la Espa\u00f1a de la Guerra Civil, en 1938, donde se explica la fuga masiva hacia Francia tras la derrota del ej\u00e9rcito republicano en la batalla del Ebro. En medio de este contexto, tiene lugar la historia de amor de Guillem y Maria, los protagonistas de la pel\u00edcula, que junto con Antoni, un soldado republicano homosexual que huye de la represi\u00f3n fascista y de la homofobia del mismo ej\u00e9rcito rojo, forman parte del casi medio mill\u00f3n de personas que huyeron hacia Francia para sortear la represi\u00f3n franquista. Desafortunadamente la pel\u00edcula no se ha podido ver al completo debido a problemas t\u00e9cnicos i la organizaci\u00f3n ha decidido posponer la proyecci\u00f3n a domingo a las 19h en el Cine Ateneu de Igualada.<\/p>\n<p>A lo largo de toda la semana, los asistentes al Zoom Festival podr\u00e1n ver proyecciones de todo el mundo en la Secci\u00f3n Oficial, y tambi\u00e9n producciones del territorio en la secci\u00f3n Zoom Km0. Las ZoomClass en Igualada y Barcelona se abren a todo el que quiera disfrutar de una masterclass sobre formatos televisivos con programas de primer nivel de las parrillas televisivas estatales e internacionales. Pod\u00e9is consultar el programa completo en <u>zoomfestival.org<\/u>.<\/p>\n","protected":false},"excerpt":{"rendered":"<p>La 17\u00ba edici\u00f3n del Zoom Festival ha dado el pistoletazo de salida esta noche en el Teatro Municipal Ateneu de Igualada con el estreno de la pel\u00edcula \u00c8xode (2019), de Rom\u00e1n Parrado y coproducida por Televisi\u00f3 de Catalunya (TVC) y&hellip;<\/p>\n","protected":false},"author":7,"featured_media":13366,"comment_status":"open","ping_status":"open","sticky":false,"template":"","format":"standard","meta":{"_mi_skip_tracking":false},"categories":[40,44],"tags":[],"_links":{"self":[{"href":"https:\/\/www.zoomfestival.org\/es\/wp-json\/wp\/v2\/posts\/13378"}],"collection":[{"href":"https:\/\/www.zoomfestival.org\/es\/wp-json\/wp\/v2\/posts"}],"about":[{"href":"https:\/\/www.zoomfestival.org\/es\/wp-json\/wp\/v2\/types\/post"}],"author":[{"embeddable":true,"href":"https:\/\/www.zoomfestival.org\/es\/wp-json\/wp\/v2\/users\/7"}],"replies":[{"embeddable":true,"href":"https:\/\/www.zoomfestival.org\/es\/wp-json\/wp\/v2\/comments?post=13378"}],"version-history":[{"count":1,"href":"https:\/\/www.zoomfestival.org\/es\/wp-json\/wp\/v2\/posts\/13378\/revisions"}],"predecessor-version":[{"id":13379,"href":"https:\/\/www.zoomfestival.org\/es\/wp-json\/wp\/v2\/posts\/13378\/revisions\/13379"}],"wp:featuredmedia":[{"embeddable":true,"href":"https:\/\/www.zoomfestival.org\/es\/wp-json\/wp\/v2\/media\/13366"}],"wp:attachment":[{"href":"https:\/\/www.zoomfestival.org\/es\/wp-json\/wp\/v2\/media?parent=13378"}],"wp:term":[{"taxonomy":"category","embeddable":true,"href":"https:\/\/www.zoomfestival.org\/es\/wp-json\/wp\/v2\/categories?post=13378"},{"taxonomy":"post_tag","embeddable":true,"href":"https:\/\/www.zoomfestival.org\/es\/wp-json\/wp\/v2\/tags?post=13378"}],"curies":[{"name":"wp","href":"https:\/\/api.w.org\/{rel}","templated":true}]}}