{"id":15051,"date":"2020-10-13T17:28:09","date_gmt":"2020-10-13T15:28:09","guid":{"rendered":"https:\/\/www.zoomfestival.org\/el-zoom-festival-estrena-format-virtual-amb-innovacions-tecnologiques-per-mostrar-els-millors-continguts-audiovisuals\/"},"modified":"2020-10-26T17:33:25","modified_gmt":"2020-10-26T16:33:25","slug":"el-zoom-festival-estrena-format-virtual-amb-innovacions-tecnologiques-per-mostrar-els-millors-continguts-audiovisuals","status":"publish","type":"post","link":"https:\/\/www.zoomfestival.org\/es\/arxius\/15051","title":{"rendered":"El Zoom Festival estrena formato virtual con innovaciones tecnol\u00f3gicas para mostrar los mejores contenidos audiovisuales"},"content":{"rendered":"<p>El Zoom Festival Internacional de Comtimguts Audiovisuals de Catalunya, se prepara para celebrar su 18\u00ba edici\u00f3n, que tendr\u00e1 lugar del 24 al 29 de noviembre de 2020. Un evento que ser\u00e1 virtual y aprovecha la situaci\u00f3n sanitaria para convertirse no s\u00f3lo en una plataforma prescriptora de contenidos audiovisuales de calidad, sino tambi\u00e9n en un espacio donde poder mostrar innovaciones tecnol\u00f3gicas.<\/p>\n<p>Con esta filosof\u00eda, el Zoom se lanza este 2020 a ofrecer una nueva experiencia de festival a todos sus espectadores, que podr\u00e1n disfrutar de los estrenos, descubrir nuevos formatos y contenidos de la Secci\u00f3n Oficial e, incluso, participar en las ZoomClass a trav\u00e9s del espacio \u201cZoomLive\u201d, la plataforma en la web del festival igualadino a trav\u00e9s de la que el p\u00fablico se podr\u00e1 conectar para seguir las diferentes actividades y proyecciones. Aunque la gran mayor\u00eda de los contenidos se podr\u00e1n ver online, una peque\u00f1a parte de la programaci\u00f3n se har\u00e1 de manera presencial en el Ateneu de Igualada.<\/p>\n<p>En la presentaci\u00f3n del festival, que ha tenido lugar este mediod\u00eda en el Teatre Ateneu de Igualada, Anna Cervera, codirectora del Zoom, ha explicado que ante la situaci\u00f3n sanitaria \u201ccontinuar haciendo el festival nos parec\u00eda que ten\u00eda sentido porque podemos continuar teniendo nuestro papel para seleccionar contenidos de calidad a pesar de que se tenga que adaptar el festival a un formato virtual\u201d. Por su parte, el tambi\u00e9n codirector Jordi Comellas ha querido agradecer a las instituciones el apoyo al Zoom Festival y la colaboraci\u00f3n de las empresas tecnol\u00f3gicas que har\u00e1n posible la edici\u00f3n de este a\u00f1o, resaltando que \u201ctrabajamos para que el Zoom sea mejor que el a\u00f1o pasado con esta apuesta por los contenidos y con la nueva plataforma\u201d. Finalmente, el alcalde de Igualada, Marc Castells, ha reafirmado la apuesta del Ayuntamiento por el Zoom Festival y ha apuntado que \u201clo f\u00e1cil ser\u00eda no hacerlo, pero somos una ciudad resiliente que cree en su potencial y en las personas que impulsan los proyectos y nos hacen creer en el futuro\u201d.<\/p>\n<p>El Festival ha recibido un centenar de inscripciones de programas en las diversas categor\u00edas de la Secci\u00f3n Oficial (Ficci\u00f3n, Entretenimiento, Cultural, Deportes e Informativos y magazines de actualidad), de los cuales se han seleccionado m\u00e1s de 40, provenientes de pa\u00edses como Alemania, Pa\u00edses Bajos, Espa\u00f1a, Italia, Turqu\u00eda, Colombia, Argentina o Per\u00fa. Adem\u00e1s de los contenidos de la Secci\u00f3n Oficial, el Zoom Festival mantiene este a\u00f1o la apuesta por los nuevos canales de difusi\u00f3n con los premios Mejor Youtuber y Mejor Instagramer, que reconocen aquellos canales y perfiles que crean un contenido audiovisual de calidad. En el apartado de las producciones audiovisuales online, este a\u00f1o se reconoce tambi\u00e9n el talento en tiempos de confinamiento, con la entrega del Premio Zoom a la Mejor Producci\u00f3n Audiovisual del Confinamiento y el premio \u201cConfinats de curt\u201d convocado por \u00d2mnium Cultural.<\/p>\n<p>Asimismo, las producciones locales tendr\u00e1n su espacio con la secci\u00f3n Zoom KM.0. Y las mejores producciones en catal\u00e1n podr\u00e1n luchar para conseguir el Premio DO Catalunya.<\/p>\n<p>El formato virtual mantiene tambi\u00e9n la formaci\u00f3n audiovisual con las ZoomClass, impartidas por profesionales del sector audiovisual; la apuesta por el descubrimiento del talento con el Talent Campus de Formatos de Televisi\u00f3n; y el MeetZoom Pro, un encuentro con la industria audiovisual, organizada con el Cl\u00faster Audiovisual de Catalunya.<\/p>\n<p>Como colof\u00f3n, una gala de entrega de premios virtual con conexiones en directo con los premiados y apariciones con hologramas de la mano de la empresa tecnol\u00f3gica Sono, y con la participaci\u00f3n activa de la audiencia a trav\u00e9s del SmartTV, una innovaci\u00f3n que introduce Konodrak. Adem\u00e1s, el rato previa a la gala, los invitados se podr\u00e1n encontrar en un espacio virtual creado por la empresa Futura Space, donde los asistentes a la gala podr\u00e1n crear su avatar personalizado y hacer networking a trav\u00e9s de este espacio interactivo. Todo ello, con la colaboraci\u00f3n de la plataforma de comunicaciones en directo Watchity y la direcci\u00f3n t\u00e9cnica de NRDmultim\u00e8dia. La gala de entrega de premios se emitir\u00e1 el d\u00eda 28 de noviembre por la web y las redes sociales del festival, la Xarxa de Televisions Locals y posteriormente por Televisi\u00f3 de Catalunya.<\/p>\n","protected":false},"excerpt":{"rendered":"<p>El Zoom Festival Internacional de Comtimguts Audiovisuals de Catalunya, se prepara para celebrar su 18\u00ba edici\u00f3n, que tendr\u00e1 lugar del 24 al 29 de noviembre de 2020. Un evento que ser\u00e1 virtual y aprovecha la situaci\u00f3n sanitaria para convertirse no&hellip;<\/p>\n","protected":false},"author":8,"featured_media":15050,"comment_status":"open","ping_status":"open","sticky":false,"template":"","format":"standard","meta":{"_mi_skip_tracking":false},"categories":[44],"tags":[184],"_links":{"self":[{"href":"https:\/\/www.zoomfestival.org\/es\/wp-json\/wp\/v2\/posts\/15051"}],"collection":[{"href":"https:\/\/www.zoomfestival.org\/es\/wp-json\/wp\/v2\/posts"}],"about":[{"href":"https:\/\/www.zoomfestival.org\/es\/wp-json\/wp\/v2\/types\/post"}],"author":[{"embeddable":true,"href":"https:\/\/www.zoomfestival.org\/es\/wp-json\/wp\/v2\/users\/8"}],"replies":[{"embeddable":true,"href":"https:\/\/www.zoomfestival.org\/es\/wp-json\/wp\/v2\/comments?post=15051"}],"version-history":[{"count":2,"href":"https:\/\/www.zoomfestival.org\/es\/wp-json\/wp\/v2\/posts\/15051\/revisions"}],"predecessor-version":[{"id":15053,"href":"https:\/\/www.zoomfestival.org\/es\/wp-json\/wp\/v2\/posts\/15051\/revisions\/15053"}],"wp:featuredmedia":[{"embeddable":true,"href":"https:\/\/www.zoomfestival.org\/es\/wp-json\/wp\/v2\/media\/15050"}],"wp:attachment":[{"href":"https:\/\/www.zoomfestival.org\/es\/wp-json\/wp\/v2\/media?parent=15051"}],"wp:term":[{"taxonomy":"category","embeddable":true,"href":"https:\/\/www.zoomfestival.org\/es\/wp-json\/wp\/v2\/categories?post=15051"},{"taxonomy":"post_tag","embeddable":true,"href":"https:\/\/www.zoomfestival.org\/es\/wp-json\/wp\/v2\/tags?post=15051"}],"curies":[{"name":"wp","href":"https:\/\/api.w.org\/{rel}","templated":true}]}}