{"id":17703,"date":"2021-10-04T13:05:48","date_gmt":"2021-10-04T11:05:48","guid":{"rendered":"https:\/\/www.zoomfestival.org\/?p=17703"},"modified":"2021-10-15T12:07:02","modified_gmt":"2021-10-15T10:07:02","slug":"nuevo-el-plazo-para-presentar-proyectos-para-el-primer-premio-cima-festival-zoom","status":"publish","type":"post","link":"https:\/\/www.zoomfestival.org\/es\/arxius\/17703","title":{"rendered":"Nuevo el plazo para presentar proyectos para el primer Premio CIMA-Festival Zoom"},"content":{"rendered":"<h2 class=\"x_Default\"><b><span lang=\"ES\">Se ampl\u00eda el plazo para presentar proyectos para el primer Premio CIMA-Festival Zoom<\/span><\/b><\/h2>\n<ul type=\"disc\">\n<li class=\"x_Default\"><span lang=\"ES\">La fecha l\u00edmite para inscribir contenidos ser\u00e1 el 22 de octubre<\/span><\/li>\n<\/ul>\n<p class=\"x_Default\"><span lang=\"ES\">La Asociaci\u00f3n de Mujeres Cineastas y de Medios Audiovisuales (CIMA) y el Zoom Festival Internacional de Contenidos Audiovisuales de Catalu\u00f1a han ampliado el plazo para presentar proyectos que opten al primer Premio CIMA-Festival Zoom, que reconoce la mirada de igualdad de g\u00e9nero en los formatos televisivos o para plataformas y OTTs (<i>Over The Top<\/i>, de libre transmisi\u00f3n). La fecha l\u00edmite de inscripci\u00f3n -que se puede realizar desde la web del festival- se ha prorrogado hasta el 22 de octubre. El premio se entregar\u00e1 durante la gala de clausura del 19eno Festival Zoom, que se celebrar\u00e1 el 27 de noviembre de 2021 en el Teatro l\u2019Ateneu de Igualada.<\/span><\/p>\n<p class=\"x_Default\"><span lang=\"ES\">Pueden consultar las bases y el reglamento del premio en las p\u00e1ginas web de CIMA y del Festival Zoom:<\/span><\/p>\n<p class=\"x_Default\"><span lang=\"ES\"><a href=\"https:\/\/cimamujerescineastas.es\/bases-premio-cima-festival-zoom-al-mejor-formato-de-tv-por-la-igualdad-de-genero\/\">https:\/\/cimamujerescineastas.es\/bases-premio-cima-festival-zoom-al-mejor-formato-de-tv-por-la-igualdad-de-genero\/<\/a><\/span><\/p>\n<p class=\"x_Default\"><span lang=\"ES\"><a href=\"https:\/\/www.zoomfestival.org\/es\/bases-y-inscripciones-1er-premio-cima-festival-zoom\/\">https:\/\/www.zoomfestival.org\/es\/bases-y-inscripciones-1er-premio-cima-festival-zoom\/<\/a><\/span><\/p>\n","protected":false},"excerpt":{"rendered":"<p>Se ampl\u00eda el plazo para presentar proyectos para el primer Premio CIMA-Festival Zoom La fecha l\u00edmite para inscribir contenidos ser\u00e1 el 22 de octubre La Asociaci\u00f3n de Mujeres Cineastas y de Medios Audiovisuales (CIMA) y el Zoom Festival Internacional de&hellip;<\/p>\n","protected":false},"author":10,"featured_media":17729,"comment_status":"open","ping_status":"open","sticky":false,"template":"","format":"standard","meta":{"_mi_skip_tracking":false},"categories":[44],"tags":[],"_links":{"self":[{"href":"https:\/\/www.zoomfestival.org\/es\/wp-json\/wp\/v2\/posts\/17703"}],"collection":[{"href":"https:\/\/www.zoomfestival.org\/es\/wp-json\/wp\/v2\/posts"}],"about":[{"href":"https:\/\/www.zoomfestival.org\/es\/wp-json\/wp\/v2\/types\/post"}],"author":[{"embeddable":true,"href":"https:\/\/www.zoomfestival.org\/es\/wp-json\/wp\/v2\/users\/10"}],"replies":[{"embeddable":true,"href":"https:\/\/www.zoomfestival.org\/es\/wp-json\/wp\/v2\/comments?post=17703"}],"version-history":[{"count":2,"href":"https:\/\/www.zoomfestival.org\/es\/wp-json\/wp\/v2\/posts\/17703\/revisions"}],"predecessor-version":[{"id":17753,"href":"https:\/\/www.zoomfestival.org\/es\/wp-json\/wp\/v2\/posts\/17703\/revisions\/17753"}],"wp:featuredmedia":[{"embeddable":true,"href":"https:\/\/www.zoomfestival.org\/es\/wp-json\/wp\/v2\/media\/17729"}],"wp:attachment":[{"href":"https:\/\/www.zoomfestival.org\/es\/wp-json\/wp\/v2\/media?parent=17703"}],"wp:term":[{"taxonomy":"category","embeddable":true,"href":"https:\/\/www.zoomfestival.org\/es\/wp-json\/wp\/v2\/categories?post=17703"},{"taxonomy":"post_tag","embeddable":true,"href":"https:\/\/www.zoomfestival.org\/es\/wp-json\/wp\/v2\/tags?post=17703"}],"curies":[{"name":"wp","href":"https:\/\/api.w.org\/{rel}","templated":true}]}}