{"id":17829,"date":"2021-10-29T11:54:06","date_gmt":"2021-10-29T09:54:06","guid":{"rendered":"https:\/\/www.zoomfestival.org\/?p=17829"},"modified":"2021-10-29T12:12:14","modified_gmt":"2021-10-29T10:12:14","slug":"el-zoom-festival-otorga-los-premios-de-honor-a-joan-pera-xavier-sarda-y-la-productora-kosmos-studios","status":"publish","type":"post","link":"https:\/\/www.zoomfestival.org\/es\/arxius\/17829","title":{"rendered":"El Zoom Festival otorga los Premios de Honor a Joan Pera, Xavier Sard\u00e0 y la productora Kosmos Studios"},"content":{"rendered":"<p><em><strong>El festival premia las trayectorias de las dos grandes figuras de la televisi\u00f3n y la iniciativa empresarial fundada por Gerard Piqu\u00e9<\/p>\n<p>La direcci\u00f3n trabaja para hacer crecer el certamen, que el pr\u00f3ximo a\u00f1o celebra el vig\u00e9simo cumplea\u00f1os coincidiendo con Igualada Capital de la Cultura Catalana 2022<\/strong><\/em><\/p>\n<p>El Zoom Festival Internacional de Continguts Audiovisuals de Catalunya otorga los Premios de Honor 2021 a la productora <strong>Kosmos Studios<\/strong> fundada por Gerard Piqu\u00e9, al actor <strong>Joan Pera<\/strong> y al periodista y presentador <strong>Xavier Sard\u00e0<\/strong>. El certamen, que llega a la 19\u00aa edici\u00f3n, tendr\u00e1 lugar del 23 al 28 de noviembre en Igualada y online.<\/p>\n<p><img loading=\"lazy\" src=\"https:\/\/www.zoomfestival.org\/wp-content\/uploads\/2021\/10\/Kosmos-Studios-1024x683.jpg\" alt=\"\" width=\"980\" height=\"654\" class=\"alignnone size-large wp-image-17813\" srcset=\"https:\/\/www.zoomfestival.org\/wp-content\/uploads\/2021\/10\/Kosmos-Studios-1024x683.jpg 1024w, https:\/\/www.zoomfestival.org\/wp-content\/uploads\/2021\/10\/Kosmos-Studios-300x200.jpg 300w, https:\/\/www.zoomfestival.org\/wp-content\/uploads\/2021\/10\/Kosmos-Studios-768x512.jpg 768w, https:\/\/www.zoomfestival.org\/wp-content\/uploads\/2021\/10\/Kosmos-Studios-1536x1024.jpg 1536w, https:\/\/www.zoomfestival.org\/wp-content\/uploads\/2021\/10\/Kosmos-Studios-2048x1365.jpg 2048w\" sizes=\"(max-width: 980px) 100vw, 980px\" \/><br \/>\n<small><em>Kosmos Studios. AUTOR: Kosmos Studios<\/em><\/small><\/p>\n<p>La direcci\u00f3n del festival quiere premiar la iniciativa empresarial <strong>Kosmos Studios<\/strong>, dirigida por Oriol Querol, por el perfil emprendedor y disruptivo de la compa\u00f1\u00eda audiovisual en el modelo actual de consumo de contenidos deportivos y de entretenimiento. La productora forma parte del holding empresarial presidido por el futbolista Gerard Piqu\u00e9, Kosmos, que recientemente est\u00e1 a la orden del d\u00eda por haber comprado los derechos de la Liga francesa de f\u00fatbol. En el \u00e1mbito de las nuevas plataformas y contenidos digitales, la empresa de Piqu\u00e9 ha adquirido tambi\u00e9n los derechos, gracias a un acuerdo con la plataforma de f\u00fatbol de fantas\u00eda Sorare, para lanzar los activos digitales NFT de m\u00e1s de 50 leyendas del f\u00fatbol entre las que destacan Diego Maradona, Franz Beckenbauer, Johan Cruyff o Michel Platini.<\/p>\n<p>As\u00ed mismo, el azulgrana ha organizado recientemente, junto con el streamer Ibai Llanos, la Balloon World Cup, una competici\u00f3n basada en un juego que se ha hecho viral a TikTok y en qu\u00e9 dos participantes tienen que conseguir que un globo toque el suelo antes de que su rival pueda evitarlo. El perfil empresarial del presidente de Kosmos tambi\u00e9n destaca por su apuesta en el sector de los videojuegos. El 2012 cre\u00f3 la compa\u00f1\u00eda Kerad Games, dedicada al dise\u00f1o, desarrollo y comercializaci\u00f3n de juegos en l\u00ednea, y recientemente ha comprado -tambi\u00e9n con Llanos- un equipo de la Superliga de<em> League of Legends<\/em>. Precisamente en esa misma l\u00ednea y con el objetivo de abrirse a nuevos p\u00fablicos, el Zoom incorpora este a\u00f1o un campeonato de este videojuego, que ya tiene todos los equipos inscritos y que se jugar\u00e1 100% online durante el mes de noviembre.<\/p>\n<p><img loading=\"lazy\" src=\"https:\/\/www.zoomfestival.org\/wp-content\/uploads\/2021\/10\/Joan-Pera-autor-Arxiu-Joan-Pera-web-1024x686.jpg\" alt=\"\" width=\"980\" height=\"657\" class=\"alignnone size-large wp-image-17823\" srcset=\"https:\/\/www.zoomfestival.org\/wp-content\/uploads\/2021\/10\/Joan-Pera-autor-Arxiu-Joan-Pera-web-1024x686.jpg 1024w, https:\/\/www.zoomfestival.org\/wp-content\/uploads\/2021\/10\/Joan-Pera-autor-Arxiu-Joan-Pera-web-300x201.jpg 300w, https:\/\/www.zoomfestival.org\/wp-content\/uploads\/2021\/10\/Joan-Pera-autor-Arxiu-Joan-Pera-web-768x515.jpg 768w, https:\/\/www.zoomfestival.org\/wp-content\/uploads\/2021\/10\/Joan-Pera-autor-Arxiu-Joan-Pera-web.jpg 1058w\" sizes=\"(max-width: 980px) 100vw, 980px\" \/><br \/>\n<small><em>Joan Pera. AUTOR: Arxiu Joan Pera<\/em><\/small><\/p>\n<p>En cuanto al actor catal\u00e1n de teatro, cine y televisi\u00f3n <strong>Joan Pera<\/strong>, el festival quiere homenajear su larga y reconocida carrera profesional como actor y director y actor de doblaje -es la voz de Woody Allen, entre otros- y su aportaci\u00f3n a la cultura en catal\u00e1n durante m\u00e1s de 40 a\u00f1os. Entre sus papeles destacan el de sobrino de Joan Capri en la serie de humor <em>Doctor Caparr\u00f3s, medicina general<\/em>, y su interpretaci\u00f3n en la comedia de Neil Simon <em>La extra\u00f1a pareja<\/em>, con el actor andaluz Paco Mor\u00e1n, con quien tambi\u00e9n protagoniz\u00f3<em> La jaula de las locas<\/em>. Pera tambi\u00e9n es el protagonista de la tv movie<em> Pau, la fuerza de un silencio<\/em>, basada en la vida del violonchelista Pau Casals. <\/p>\n<p>El 2015 le fue concedida la Creu de Sant Jordi por ser considerado uno de los actores m\u00e1s populares en el mundo del espect\u00e1culo en Catalu\u00f1a, y el 2019 recibi\u00f3 el Premio Gaud\u00ed de Honor por su trayectoria profesional como actor de cine y como director y actor de doblaje. Pera recibir\u00e1 el Premio de Honor del Zoom en la inauguraci\u00f3n de la 19\u00aa edici\u00f3n del festival, que tendr\u00e1 lugar el martes 23 de noviembre en el Cine Ateneu de Igualada y donde se podr\u00e1 ver el estreno de la pel\u00edcula de TV3 El Metralla, protagonizada por el actor.<\/p>\n<p><img loading=\"lazy\" src=\"https:\/\/www.zoomfestival.org\/wp-content\/uploads\/2021\/10\/Xavier-Sarda\u0300-autor-Visiona-TV-1024x681.jpg\" alt=\"\" width=\"980\" height=\"652\" class=\"alignnone size-large wp-image-17826\" srcset=\"https:\/\/www.zoomfestival.org\/wp-content\/uploads\/2021\/10\/Xavier-Sarda\u0300-autor-Visiona-TV-1024x681.jpg 1024w, https:\/\/www.zoomfestival.org\/wp-content\/uploads\/2021\/10\/Xavier-Sarda\u0300-autor-Visiona-TV-300x200.jpg 300w, https:\/\/www.zoomfestival.org\/wp-content\/uploads\/2021\/10\/Xavier-Sarda\u0300-autor-Visiona-TV-768x511.jpg 768w, https:\/\/www.zoomfestival.org\/wp-content\/uploads\/2021\/10\/Xavier-Sarda\u0300-autor-Visiona-TV-1536x1022.jpg 1536w, https:\/\/www.zoomfestival.org\/wp-content\/uploads\/2021\/10\/Xavier-Sarda\u0300-autor-Visiona-TV-2048x1363.jpg 2048w\" sizes=\"(max-width: 980px) 100vw, 980px\" \/><br \/>\n<small><em>Xavier Sard\u00e0. AUTOR: RTVE<\/em><\/small><\/p>\n<p>En el caso de <strong>Xavier Sard\u00e0<\/strong>, el Zoom quiere rendir homenaje a su trayectoria como presentador de televisi\u00f3n y radio, reconociendo sus innovadoras aportaciones en los contenidos de los programas que ha dirigido y presentado y su capacidad de conectar con la audiencia. Entre ellos destacan el concurso televisivo <em>Juego de ni\u00f1os<\/em>, presentado por Sard\u00e0 a principios de los 90, <em>Betes i films<\/em>, un programa de videos dom\u00e9sticos dirigido por La Trinca y emitido en TV3 tambi\u00e9n en aquella \u00e9poca, o <em>Cr\u00f3nicas marcianas<\/em>, el late show que m\u00e1s ha durado y que ha sido m\u00e1s visto de la historia de la televisi\u00f3n en Espa\u00f1a.<\/p>\n<p>En radio, cre\u00f3 y populariz\u00f3 el personaje del se\u00f1or Casamajor, que se pudo escuchar durante a\u00f1os en programas como<em> Tren de medianoche<\/em> y <em>La Bisagra<\/em>, de RNE, y<em> Por ahora<\/em> y<em> La Ventana<\/em>, de la Cadena SER. Actualmente, Sard\u00e0 presenta<em> Obrim fil<\/em> junto a la tambi\u00e9n periodista Ana Boadas, un programa de debate semanal de RTVE donde los ciudadanos del plat\u00f3 son tambi\u00e9n protagonistas con sus opiniones, preguntas y experiencias. Esta producci\u00f3n, de Visiona TV, forma parte de la programaci\u00f3n de la Secci\u00f3n Oficial del Zoom Festival 2021.<\/p>\n<h3>Gala de clausura presencial<\/h3>\n<p>La gala de premios, que tendr\u00e1 lugar el s\u00e1bado 27 de noviembre en el Teatro l\u2019Ateneu de Igualada a partir de las 21:30 h, recupera la completa presencialidad, una vez eliminadas las restricciones de aforo en teatros, cines y otros espacios culturales gracias a la reducci\u00f3n de contagios de covid-19. El a\u00f1o pasado, el festival se tuvo que transformar para adaptarse al contexto marcado por la pandemia y la gala de clausura fue virtual. Este a\u00f1o, premiados, p\u00fablico y productoras podr\u00e1n sentarse de nuevo en el teatro igualadino, a pesar de que la gala tambi\u00e9n se podr\u00e1 seguir en directo a trav\u00e9s de la plataforma Zoom Live (<a href=\"http:\/\/www.zoomfestival.org\/zoomlive\" rel=\"noopener\" target=\"_blank\">www.zoomfestival.org\/zoomlive<\/a>) y el nuevo canal de Twitch del festival (<a href=\"http:\/\/m.twitch.tv\/festivalzoom\/home\" rel=\"noopener\" target=\"_blank\">m.twitch.tv\/festivalzoom\/home<\/a>).<\/p>\n<h3>Nueva categor\u00eda de videojuegos en la Secci\u00f3n Oficial<\/h3>\n<p>El festival igualadino llega a la 19\u00aa edici\u00f3n con la voluntad de convertir-se en un certamen estrat\u00e9gico para la ciudad de Igualada y para Catalu\u00f1a, posicion\u00e1ndose como plataforma para dar visibilidad a los contenidos audiovisuales de calidad y abri\u00e9ndose este a\u00f1o a nuevos p\u00fablicos y nuevos contenidos con la incorporaci\u00f3n, por primera vez, de una categor\u00eda de videojuegos en la Secci\u00f3n Oficial, que se suma a las cuatro categor\u00edas ya existentes: entretenimiento, informativos y deporte, cultura y ficci\u00f3n. A la vez, el certamen incorpora nuevas tecnolog\u00edas aplicadas al audiovisual y a los acontecimientos virtuales.<\/p>\n<p>Adem\u00e1s, el Zoom ha aumentado este a\u00f1o su presupuesto hasta los 120.000 euros, un 25% m\u00e1s que la pasada edici\u00f3n, hecho que le ha permitido acceder a la categor\u00eda A de festivales establecida por la Generalitat, que corresponde a los m\u00e1s importantes de Catalu\u00f1a. Los organizadores trabajan para consolidar el presupuesto y hacer crecer la programaci\u00f3n del certamen ofreciendo m\u00e1s contenidos, m\u00e1s interactivos y de m\u00e1s calidad. Y lo hacen con la vista puesta ya en la edici\u00f3n del 2022, cuando el festival celebrar\u00e1 su vig\u00e9simo cumplea\u00f1os e Igualada ser\u00e1 Capital de la Cultura Catalana.<\/p>\n","protected":false},"excerpt":{"rendered":"<p>El festival premia las trayectorias de las dos grandes figuras de la televisi\u00f3n y la iniciativa empresarial fundada por Gerard Piqu\u00e9 La direcci\u00f3n trabaja para hacer crecer el certamen, que el pr\u00f3ximo a\u00f1o celebra el vig\u00e9simo cumplea\u00f1os coincidiendo con Igualada&hellip;<\/p>\n","protected":false},"author":8,"featured_media":17835,"comment_status":"open","ping_status":"open","sticky":false,"template":"","format":"standard","meta":{"_mi_skip_tracking":false},"categories":[44],"tags":[188],"_links":{"self":[{"href":"https:\/\/www.zoomfestival.org\/es\/wp-json\/wp\/v2\/posts\/17829"}],"collection":[{"href":"https:\/\/www.zoomfestival.org\/es\/wp-json\/wp\/v2\/posts"}],"about":[{"href":"https:\/\/www.zoomfestival.org\/es\/wp-json\/wp\/v2\/types\/post"}],"author":[{"embeddable":true,"href":"https:\/\/www.zoomfestival.org\/es\/wp-json\/wp\/v2\/users\/8"}],"replies":[{"embeddable":true,"href":"https:\/\/www.zoomfestival.org\/es\/wp-json\/wp\/v2\/comments?post=17829"}],"version-history":[{"count":5,"href":"https:\/\/www.zoomfestival.org\/es\/wp-json\/wp\/v2\/posts\/17829\/revisions"}],"predecessor-version":[{"id":17834,"href":"https:\/\/www.zoomfestival.org\/es\/wp-json\/wp\/v2\/posts\/17829\/revisions\/17834"}],"wp:featuredmedia":[{"embeddable":true,"href":"https:\/\/www.zoomfestival.org\/es\/wp-json\/wp\/v2\/media\/17835"}],"wp:attachment":[{"href":"https:\/\/www.zoomfestival.org\/es\/wp-json\/wp\/v2\/media?parent=17829"}],"wp:term":[{"taxonomy":"category","embeddable":true,"href":"https:\/\/www.zoomfestival.org\/es\/wp-json\/wp\/v2\/categories?post=17829"},{"taxonomy":"post_tag","embeddable":true,"href":"https:\/\/www.zoomfestival.org\/es\/wp-json\/wp\/v2\/tags?post=17829"}],"curies":[{"name":"wp","href":"https:\/\/api.w.org\/{rel}","templated":true}]}}