{"id":21254,"date":"2022-11-02T17:24:13","date_gmt":"2022-11-02T16:24:13","guid":{"rendered":"https:\/\/www.zoomfestival.org\/el-zoom-festival-atorga-els-premis-dhonor-als-comunicadors-antoni-bassas-i-olga-viza\/"},"modified":"2022-11-03T11:42:39","modified_gmt":"2022-11-03T10:42:39","slug":"el-zoom-festival-atorga-els-premis-dhonor-als-comunicadors-antoni-bassas-i-olga-viza","status":"publish","type":"post","link":"https:\/\/www.zoomfestival.org\/es\/arxius\/21254","title":{"rendered":"El Zoom Festival otorga los Premios de Honor a los comunicadores Antoni Bassas y Olga Viza"},"content":{"rendered":"<p>El Zoom Festival Internacional de Contenidos Audiovisuales de Catalu\u00f1a ha decidido otorgar los <strong>Premios de Honor 2022 <\/strong>al periodista y guionista de radio y televisi\u00f3n Antoni Bassas y a la periodista y presentadora Olga Viza. El certamen, que este a\u00f1o celebra 20 a\u00f1os, tendr\u00e1 lugar del 22 al 27 de noviembre en Igualada \u2013con algunas actividades en Barcelona y emisiones en l\u00ednea.<\/p>\n<p>La direcci\u00f3n del festival quiere premiar la larga y reconocida carrera profesional como periodista y guionista de radio y televisi\u00f3n de <strong>Antoni Bassas<\/strong>. Bassas empez\u00f3 con 16 a\u00f1os en la radio, y m\u00e1s tarde debut\u00f3 en TV3 en los programas de Joaquim Maria Puyal. El 1988, con 27 a\u00f1os se puso por primera vez ante la c\u00e1mara para presentar el concurso <em>Tres y Picos y Repic\u00f3<\/em>. El 1991 cre\u00f3, con la actriz Lloll Bertran, Vanessa, uno de los personajes c\u00f3micos m\u00e1s populares de la historia de la televisi\u00f3n p\u00fablica catalana. El 1998 cre\u00f3, dirigir y presentar el talk-show hist\u00f3rico<em> Aquest any, cent!<\/em>, dedicado a la historia del Bar\u00e7a en su centenario, y del 2009 al 2013 se convirti\u00f3 en el corresponsal de TV3 a Washington.<\/p>\n<p>Mientras tanto, y desde ya hace 19 a\u00f1os, Bassas ha producido el m\u00edtico y muy conocido programa <em>Alguna Pregunta M\u00e9s?<\/em>, la versi\u00f3n radiof\u00f3nica del cual cre\u00f3 el 1994, en un espacio que signific\u00f3 una rotura formal con los ritmos y contenidos habituales en la radio de la \u00e9poca. A lo largo de su larga trayectoria dentro del mundo del periodismo, Bassas ha sido merecedor de numerosos premios. El 2001 le fue concedido el premio Nacional del Periodismo y el 2005 recibi\u00f3 el premio Nacional de la Comunicaci\u00f3n. El periodista catal\u00e1n tambi\u00e9n ha sido galardonado con dos premios ONDAS a lo largo de su larga trayectoria (1997 y 2014). El a\u00f1o 2018 recibi\u00f3 el premio Josep Pla de Literatura por el ensayo<em> Bon dia, s\u00f3n les 8!<\/em>, una cr\u00f3nica period\u00edstica de los a\u00f1os que dirigi\u00f3 y presentar <em>El Mat\u00ed<\/em> de Catalunya R\u00e0dio. Ahora Bassas recibir\u00e1 el premio de Honor del Zoom 2022 en la gala de conclusi\u00f3n de la 20.\u00aa edici\u00f3n del festival, que tendr\u00e1 lugar el s\u00e1bado, 26 de noviembre al Teatro Municipal Ateneu de Igualada.<\/p>\n<p>En el caso de <strong>Olga Viza<\/strong>, el festival quiere homenajear la larga trayectoria de la periodista y presentadora de radio y televisi\u00f3n, actual colaboradora de la Cadena SER Catalu\u00f1a y RNE. Ya antes de finalizar sus estudios, Viza inici\u00f3 su carrera profesional en 1979 participante en programa <em>Polideportivo <\/em>de TVE, donde se especializ\u00f3 en la informaci\u00f3n deportiva. M\u00e1s adelante, desde medios de la d\u00e9cada de los 80 y hasta principios de los 90, Viza trabaj\u00f3 en el programa <em>Estadio 2<\/em>, encarg\u00e1ndose de la secci\u00f3n de deportes. Entre otros muchos acontecimientos deportivos, ha cubierto tres mundiales de f\u00fatbol y seis ediciones de los Juegos Ol\u00edmpicos, con especial implicaci\u00f3n en los que se celebraron en Barcelona el 1992.<\/p>\n<p>Durante once a\u00f1os, Olga Viza ha editado y presentado los informativos en Antena 3, trabajando junto a otros periodistas como Mat\u00edas Prats o Manu Carre\u00f1o. El a\u00f1o 2004 presenta el programa<em> No se lo mismo<\/em> de Telecinco, y m\u00e1s adelante realiz\u00f3 el programa de entrevistas<em> Habitaci\u00f3n 623 <\/em>en La Sexta. Tambi\u00e9n ha sido directora y presentadora de los magacines por la ma\u00f1ana y tarde de RNE. El a\u00f1o 2008 moder\u00f3 el debate frente a frente de Jos\u00e9 Luis Rodr\u00edguez Zapatero y Mariano Rajoy. En esta \u00e9poca, tambi\u00e9n trabajaba en la radio, conduciendo el programa vesprino <em>El tranv\u00eda de Olga<\/em>, a RNE, cadena donde despu\u00e9s tambi\u00e9n condujo <em>Las Ma\u00f1anas <\/em>de Radio 1. Adem\u00e1s de los numerosos programas de televisi\u00f3n y radio, Viza tambi\u00e9n colabora en medios de prensa escrita como el peri\u00f3dico deportivo <em>Marca<\/em>.<\/p>\n<p>A lo largo de su trayectoria profesional, la periodista ha conseguido varios premios y reconocimientos, como el premio Academia TV a la mejor comunicadora de programas informativos o el premio Ondas a la mejor presentadora de informativos de la televisi\u00f3n. Tambi\u00e9n ha sido galardonada con los premios Quim Reg\u00e0s, Margarita Rivi\u00e8re. Este a\u00f1o, Viza ha ganado el premio Oficio de Periodista 2022, que otorga el Colegio de Periodistas de Catalu\u00f1a y el pr\u00f3ximo 26 de noviembre, Olga Viza ser\u00e1 al Teatro Municipal Ateneu para recoger el premio de Honor Zoom 2022.<\/p>\n<p>Los Premios de Honor 2022 del Festival Zoom est\u00e1n patrocinados por Blautec y Avixa.<\/p>\n","protected":false},"excerpt":{"rendered":"<p>El Zoom Festival Internacional de Contenidos Audiovisuales de Catalu\u00f1a ha decidido otorgar los Premios de Honor 2022 al periodista y guionista de radio y televisi\u00f3n Antoni Bassas y a la periodista y presentadora Olga Viza. El certamen, que este a\u00f1o&hellip;<\/p>\n","protected":false},"author":8,"featured_media":21252,"comment_status":"open","ping_status":"open","sticky":false,"template":"","format":"standard","meta":{"_mi_skip_tracking":false},"categories":[45,44],"tags":[],"_links":{"self":[{"href":"https:\/\/www.zoomfestival.org\/es\/wp-json\/wp\/v2\/posts\/21254"}],"collection":[{"href":"https:\/\/www.zoomfestival.org\/es\/wp-json\/wp\/v2\/posts"}],"about":[{"href":"https:\/\/www.zoomfestival.org\/es\/wp-json\/wp\/v2\/types\/post"}],"author":[{"embeddable":true,"href":"https:\/\/www.zoomfestival.org\/es\/wp-json\/wp\/v2\/users\/8"}],"replies":[{"embeddable":true,"href":"https:\/\/www.zoomfestival.org\/es\/wp-json\/wp\/v2\/comments?post=21254"}],"version-history":[{"count":3,"href":"https:\/\/www.zoomfestival.org\/es\/wp-json\/wp\/v2\/posts\/21254\/revisions"}],"predecessor-version":[{"id":21285,"href":"https:\/\/www.zoomfestival.org\/es\/wp-json\/wp\/v2\/posts\/21254\/revisions\/21285"}],"wp:featuredmedia":[{"embeddable":true,"href":"https:\/\/www.zoomfestival.org\/es\/wp-json\/wp\/v2\/media\/21252"}],"wp:attachment":[{"href":"https:\/\/www.zoomfestival.org\/es\/wp-json\/wp\/v2\/media?parent=21254"}],"wp:term":[{"taxonomy":"category","embeddable":true,"href":"https:\/\/www.zoomfestival.org\/es\/wp-json\/wp\/v2\/categories?post=21254"},{"taxonomy":"post_tag","embeddable":true,"href":"https:\/\/www.zoomfestival.org\/es\/wp-json\/wp\/v2\/tags?post=21254"}],"curies":[{"name":"wp","href":"https:\/\/api.w.org\/{rel}","templated":true}]}}