{"id":22014,"date":"2022-11-23T10:09:55","date_gmt":"2022-11-23T09:09:55","guid":{"rendered":"https:\/\/www.zoomfestival.org\/arrenca-a-igualada-la-vintena-edicio-del-zoom-festival\/"},"modified":"2022-11-23T10:22:32","modified_gmt":"2022-11-23T09:22:32","slug":"arrenca-a-igualada-la-vintena-edicio-del-zoom-festival","status":"publish","type":"post","link":"https:\/\/www.zoomfestival.org\/es\/arxius\/22014","title":{"rendered":"Arranca en Igualada la vig\u00e9sima edici\u00f3n del Zoom Festival"},"content":{"rendered":"<p><strong>El certamen se ha inaugurado este martes por la noche en el Cine Ateneu con la proyecci\u00f3n de la pel\u00edcula <em>\u2018Quico Sabat\u00e9: sense dest\u00ed\u2019<\/em>, de S\u00edlvia Quer<\/strong><\/p>\n<p>El Zoom Festival Internacional de Contenidos Audiovisuales de Catalu\u00f1a ha dado el pistoletazo de salida esta tarde en su 20\u00aa edici\u00f3n, que recupera la presencialidad. El certamen ha arrancado con la proyecci\u00f3n de la coproducci\u00f3n de Minimal Films, TV3 y La Xarxa Audiovisual Local, dirigida por S\u00edlvia Quer:<em> Quico Sabat\u00e9, Sense dest\u00ed<\/em>, en un acto en el Cine Ateneo que ha contado con la presencia de la guionista y productor ejecutivo del filme, <strong>Mireia Llin\u00e0s y Albert Sol\u00e9<\/strong>, acompa\u00f1ada por otros miembros del equipo; los actores <strong>Roger Casamajor y Oscar Rabad\u00e1n<\/strong>; el jefe de coproducciones de TV3, <strong>Oriol Sala-Patau<\/strong> y el consejero delegado de La Xarxa, <strong>Marc Melillas<\/strong>; el alcalde de Igualada, <strong>Marc Castells<\/strong>; la vicepresidenta primera en funciones de presidenta del Parlamento de Catalu\u00f1a, <strong>Alba Verg\u00e9s<\/strong>, la presidenta del Ateneu Igualad\u00ed, <strong>Mireia Claret<\/strong> y los directores del festival, <strong>Anna Cervera y Jordi Comellas<\/strong>.<\/p>\n<p>Los representantes del certamen han dado la bienvenida al p\u00fablico que ha llenado el cine para disfrutar de esta primera pel\u00edcula del Zoom Festival, que tendr\u00e1 lugar en la capital del Anoia y online hasta el domingo 27 de noviembre y que cuenta con cerca de cincuenta producciones nacionales e internacionales que optan a los premios de la Secci\u00f3n Oficial. <strong>Anna Cervera<\/strong> se ha mostrado satisfecha y ha puesto de relieve la importancia de esta edici\u00f3n, \u00aben un mundo donde el audiovisual es tan cambiante, poder celebrar veinte a\u00f1os adapt\u00e1ndonos a nuevos formatos y nuevas plataformas, es todo un \u00e9xito\u00bb. Por su parte, <strong>Jordi Comellas<\/strong> se ha congratulado que el festival recupere este a\u00f1o la presencialidad \u00abnos volvemos a encontrar\u00bb, ha dicho.<\/p>\n<p>El alcalde de Igualada, <strong>Marc Castells<\/strong>, ha puesto en valor la gran labor que hace la organizaci\u00f3n del festival y ha destacado el trabajo de \u00abllevar el festival a las escuelas, tenemos que acercar la cultura a los m\u00e1s j\u00f3venes\u00bb. Asimismo, ha recordado que \u00abmientras en todo el mundo se est\u00e1n cerrando cines, aqu\u00ed en Igualada hace poco menos de un a\u00f1o estrenamos una nueva sala\u00bb. Por su parte, la vicepresidenta primera en funciones de presidenta del Parlamento de Catalu\u00f1a, <strong>Alba Verg\u00e9s<\/strong>, ha agradecido la labor que hace el destacado \u00abno es f\u00e1cil mantener veinte a\u00f1os un certamen con los cambios que ha habido en el mundo audiovisual\u00bb. Asimismo, ha recordado que \u00abvivimos en un mundo donde tenemos acceso a mucho contenido ya muchas plataformas y gracias al Zoom Festival podemos poner un sello a la profesionalidad\u00bb Por \u00faltimo, Verg\u00e9s tambi\u00e9n ha puesto en valor la colaboraci\u00f3n y participaci\u00f3n de la ciudadan\u00eda en el festival.<\/p>\n<p>Posteriormente, los asistentes al acto inaugural han podido disfrutar del filme <em>Quico Sabat\u00e9: Sense dest\u00ed<\/em>. La pel\u00edcula narra la historia de Quico Sabat\u00e9, anarquista exiliado en Francia con muchos a\u00f1os de lucha en la espalda. Desde que acab\u00f3 la Guerra Civil, nunca ha dejado de realizar incursiones en Espa\u00f1a para intentar derrocar el r\u00e9gimen franquista mediante el \u00fanico m\u00e9todo que conoce y que considera efectivo: la acci\u00f3n directa. En Navidad de 1959, el protagonista tiene 44 a\u00f1os, est\u00e1 enfermo, cansado y deprimido. Sus compa\u00f1eros de lucha han muerto casi todos y tambi\u00e9n sus hermanos, lo que pesa sobre la conciencia. Sin embargo, no puede abandonar la causa y desobedeciendo todos los consejos, decide bajar a Barcelona atravesando la frontera a pie, como ha hecho siempre.<\/p>\n","protected":false},"excerpt":{"rendered":"<p>El certamen se ha inaugurado este martes por la noche en el Cine Ateneu con la proyecci\u00f3n de la pel\u00edcula \u2018Quico Sabat\u00e9: sense dest\u00ed\u2019, de S\u00edlvia Quer El Zoom Festival Internacional de Contenidos Audiovisuales de Catalu\u00f1a ha dado el pistoletazo&hellip;<\/p>\n","protected":false},"author":8,"featured_media":22007,"comment_status":"closed","ping_status":"open","sticky":false,"template":"","format":"standard","meta":{"_mi_skip_tracking":false},"categories":[40,44],"tags":[],"_links":{"self":[{"href":"https:\/\/www.zoomfestival.org\/es\/wp-json\/wp\/v2\/posts\/22014"}],"collection":[{"href":"https:\/\/www.zoomfestival.org\/es\/wp-json\/wp\/v2\/posts"}],"about":[{"href":"https:\/\/www.zoomfestival.org\/es\/wp-json\/wp\/v2\/types\/post"}],"author":[{"embeddable":true,"href":"https:\/\/www.zoomfestival.org\/es\/wp-json\/wp\/v2\/users\/8"}],"replies":[{"embeddable":true,"href":"https:\/\/www.zoomfestival.org\/es\/wp-json\/wp\/v2\/comments?post=22014"}],"version-history":[{"count":6,"href":"https:\/\/www.zoomfestival.org\/es\/wp-json\/wp\/v2\/posts\/22014\/revisions"}],"predecessor-version":[{"id":22020,"href":"https:\/\/www.zoomfestival.org\/es\/wp-json\/wp\/v2\/posts\/22014\/revisions\/22020"}],"wp:featuredmedia":[{"embeddable":true,"href":"https:\/\/www.zoomfestival.org\/es\/wp-json\/wp\/v2\/media\/22007"}],"wp:attachment":[{"href":"https:\/\/www.zoomfestival.org\/es\/wp-json\/wp\/v2\/media?parent=22014"}],"wp:term":[{"taxonomy":"category","embeddable":true,"href":"https:\/\/www.zoomfestival.org\/es\/wp-json\/wp\/v2\/categories?post=22014"},{"taxonomy":"post_tag","embeddable":true,"href":"https:\/\/www.zoomfestival.org\/es\/wp-json\/wp\/v2\/tags?post=22014"}],"curies":[{"name":"wp","href":"https:\/\/api.w.org\/{rel}","templated":true}]}}