{"id":22411,"date":"2023-10-18T16:25:06","date_gmt":"2023-10-18T14:25:06","guid":{"rendered":"https:\/\/www.zoomfestival.org\/arxius\/22411"},"modified":"2023-10-24T10:06:29","modified_gmt":"2023-10-24T08:06:29","slug":"el-zoom-aposta-pels-premis-els-unics-que-satorguen-a-continguts-televisius-internacionals","status":"publish","type":"post","link":"https:\/\/www.zoomfestival.org\/es\/arxius\/22411","title":{"rendered":"El Zoom apuesta por los premios, los \u00fanicos que se otorgan a contenidos televisivos internacionales"},"content":{"rendered":"<p><em><strong>Los Premios Zoom han recibido 81 inscripciones, provenientes de m\u00e1s de 14 pa\u00edses diferentes y se continuar\u00e1n premiando los mejores formatos de Ficci\u00f3n, Entretenimiento, Informativo, Deportivo, Cultural y Divulgativo<\/strong><\/em><\/p>\n<p><strong><em>Premios Zoom continuar\u00e1 ofreciendo las Zoom Class, en cuatro formatos diferentes, la Zoom Experience, las proyecciones de las producciones KM.0 y una renovada Gala de Premios<\/em><\/strong><\/p>\n<p>El Zoom llega a su 21.\u00aa edici\u00f3n y ha decidido potenciar la convocatoria de premios, puesto que son los \u00fanicos galardones que se dan en Catalu\u00f1a que valoran y apuestan por el contenido televisivo y de ficci\u00f3n a la peque\u00f1a pantalla. El certamen, que pasa a denominarse \u201cPremios Zoom Internacionales de contenidos audiovisuales de Catalu\u00f1a\u201d, se celebrar\u00e1 <strong>del 23 al 25 de noviembre en Igualada <\/strong>y ya cuenta con 81 propuestas candidatas a llevarse alguno de los galardones. <\/p>\n<p>Este mi\u00e9rcoles se ha presentado la nueva imagen de los Premios, que ha sido creada por el igualad\u00ed Pep Valls, del estudio Evvo Retail y miembro del equipo del Zoom. En la presentaci\u00f3n tambi\u00e9n han intervenido el regidor de Relaciones Institucionales del Ayuntamiento de Igualada, Pere Camps, y los codirectores del festival, Anna Cervera i Jordi Comellas, i el vicepresidente de comunicaci\u00f3n de l\u2019Ateneu Igualad\u00ed, Eulogi Dom\u00e8nech.<\/p>\n<p>En el transcurso de la rueda de prensa, la organizaci\u00f3n del festival ha explicado el cambio que este a\u00f1o hace el acontecimiento en la apuesta del gran encuentro con la industria del sector a la gala de premios. El certamen naci\u00f3 en 2003 en Igualada y en la \u00faltima edici\u00f3n celebr\u00f3 sus veinte a\u00f1os de historia habi\u00e9ndose consolidado como un certamen de referencia del sector y un acontecimiento estrat\u00e9gico para la ciudad de Igualada y para Catalu\u00f1a. A lo largo de veinte a\u00f1os han sido pioneros en la apuesta por las series de ficci\u00f3n. En esta 21ena edici\u00f3n, el Zoom evoluciona para acontecer una convocatoria de premios, que sea referente en el \u00e1mbito de los contenidos audiovisuales a escala internacional mientras contin\u00faa apostando por la formaci\u00f3n y la divulgaci\u00f3n entre los estudiantes y los p\u00fablicos m\u00e1s j\u00f3venes, adem\u00e1s de presentar novedades en el marco de un espect\u00e1culo de primer nivel. La gala, que este a\u00f1o ser\u00e1 renovada y coger\u00e1 m\u00e1s relevancia, tambi\u00e9n incorpora un nuevo dise\u00f1o en la estatua de los premios, la cual se hab\u00eda mantenido en los \u00faltimos a\u00f1os.<\/p>\n<p>A pesar de centrarse en la convocatoria de premios, los Premios Zoom continuar\u00e1 ofreciendo las proyecciones de manera presencial de las proyecciones KM.0, muy esperadas en el territorio, y el resto de actividades, que mantendr\u00e1n el mismo formato: las Zoom Class en Igualada para estudiantes, la Zoom Experience para descubrir un nuevo formato audiovisual y conocer personalmente sus protagonistas y, evidentemente, la gala de conclusi\u00f3n que este a\u00f1o ser\u00e1 m\u00e1s esperada que nunca gracias a la relevancia que adquieren los premios.<\/p>\n<p>El nuevo formato del Zoom es resultado de un intenso trabajo por parte de la organizaci\u00f3n en el \u00faltimo a\u00f1o con diferentes administraciones p\u00fablicas que siempre le han apoyado, as\u00ed como los diferentes agentes, nacionales e internacionales del sector audiovisual.<\/p>\n<h3>Unos cuarenta proyectos optan a los Premios Zoom<\/h3>\n<p>En total, ser\u00e1n cinco las categor\u00edas que contempla la convocatoria de Premios Zoom:<strong> entretenimiento<\/strong>, abierta a concursos, reality shows, talk shows, factual magazines, late shows y programas de humor; <strong>informativos<\/strong>, con telediarios, reportajes, debates, entrevistas y especiales informativos; programas<strong> culturales y divulgativos<\/strong>, como documentales y programas musicales y educativos;<strong> deportes<\/strong>, que engloba tanto programas como retransmisiones; y <strong>ficci\u00f3n<\/strong>, categor\u00eda abierta en TV mov\u00edas, mini series y series.<\/p>\n<p>De entre los 81 proyectos presentados, el Zoom ha seleccionado 41 que optar\u00e1n a los <strong>Premios Zoom <\/strong>que otorgar\u00e1 un jurado formado por profesionales del sector: mejor formado de Entretenimiento, mejor Ficci\u00f3n, mejor programa de Informativos, mejor programa Cultural y Divulgativo y mejor programa de Deportes. Por otro lado, tambi\u00e9n se entregar\u00e1n los <strong>Premios Showcase de pilotos de ficci\u00f3n<\/strong>, con el premio del P\u00fablico y el premio del Jurado; el<strong> premio CIMA-Zoom Festival<\/strong> al Mejor Formato de TV por la igualdad de g\u00e9nero y las mejores producciones en catal\u00e1n podr\u00e1n optar al <strong>Premio D.O. Catalu\u00f1a<\/strong>. As\u00ed mismo, la direcci\u00f3n del Zoom Festival otorgar\u00e1 el <strong>premio de Hono<\/strong>r, que en pasadas ediciones han recibido personas como Olga Viza, Jordi \u00c9vole, Mari Pau Huguet, Antoni Bassas, Joan Pera o Xavier Sard\u00e0.<\/p>\n<h3>Formaci\u00f3n, talento e industria, los otros pilares del Zoom Festival<\/h3>\n<p>M\u00e1s all\u00e1 de los Premios Zoom, el certamen continuar\u00e1 apostando por la formaci\u00f3n, el descubrimiento del talento y la industria con actividades complementarias que se llevar\u00e1n a cabo durante los d\u00edas del certamen. El <strong>Showcase de Pilotos de Ficci\u00f3n<\/strong>, coorganizado con Serielizados, proporcionar\u00e1 a los nuevos creadores la oportunidad de entrar en el mundo profesional. Adem\u00e1s, los formatos seleccionados en las categor\u00edas de no-ficci\u00f3n ser\u00e1n objeto de estudio de los estudiantes universitarios, de centros de audiovisual y de bachillerato a las <strong>Zoom Class<\/strong> de Igualada. No faltar\u00e1n, tampoco, las producciones audiovisuales de la Anoia con el<strong> Zoom Km0<\/strong>. <\/p>\n<p>La 21.\u00aa edici\u00f3n del certamen tambi\u00e9n volver\u00e1 a incluir la <strong>Zoom Experience<\/strong> dentro de su programaci\u00f3n. Un acto abierto al p\u00fablico en general con la presentaci\u00f3n de un nuevo formato de actualidad con la presencia de los equipos art\u00edsticos y Star System. Un formato que se estren\u00f3 la \u00faltima edici\u00f3n con el programa de Euforia de TV3 y tuvo muy buena acogida.<\/p>\n<h3>El 10.\u00ba Showcase de Pilotos de Ficci\u00f3n ya tiene finalistas<\/h3>\n<p>Otro de los proyectos que se enmarcan el Zoom es lo Showcase de Pilotos de Ficci\u00f3n, coorganizado con Serializados, que proporciona a los nuevos creadores la oportunidad de entrar en el mundo profesional. Serielizados Fest ya tiene seleccionados los cuatro pilotos de ficci\u00f3n que competir\u00e1n para llevarse el premio de la 10.\u00aa edici\u00f3n del Showcase de Pilotos de Serie: <strong>\u2018Encontrar la calma\u2019<\/strong> de Alex Ayres; <strong>\u2018A Arte De Ser (Mal) Pai\u2019 <\/strong>de Porco Brav\u00fa; <strong>\u2018Trippiecontes\u2019 <\/strong>de Santa Pe\u00f1a; y<strong> \u2018Bruno &#038; Co\u2019<\/strong> de Alejo Levis y Bruno Oro.<\/p>\n<p>Los proyectos optar\u00e1n a dos premios en met\u00e1lico, que ser\u00e1n anunciados y entregados a la Gala de Conclusi\u00f3n del Zoom Festival en Igualada: el <strong>premio del Jurado DAMA<\/strong>, valorado en 1.500\u20ac, decidido por un jurado profesional y el<strong> premio del P\u00fablico Popitas<\/strong>, valorado en 300\u20ac, para el piloto con m\u00e1s votos de la audiencia. Tambi\u00e9n optar\u00e1n al <strong>Premio Antaviana<\/strong>, valorando en 3.000\u20ac para destinar a trabajos de puesto-producci\u00f3n de video en sus instalaciones.<\/p>\n<p>Adem\u00e1s, los cuatro pilotos se proyectar\u00e1n en dos galas abiertas al p\u00fablico durante el Serializados Fest, que se celebra del 18 al 22 de octubre en Barcelona y el 8 de noviembre a ALCINE. Y tambi\u00e9n de manera en l\u00ednea del 17 al 29 de octubre a Filmin.<\/p>\n<h3>TV3 y La Xarxa contin\u00faan apostando por el Zoom<\/h3>\n<p>En la \u00faltima edici\u00f3n lo ciertamente firm\u00f3 dos acuerdos con quienes ser\u00e1n los medios oficiales de los Premios Zoom. Gracias al acuerdo de colaboraci\u00f3n con la CCMA, que tiene una duraci\u00f3n de dos a\u00f1os, tanto TV3 como Catalunya Radio, que sus medios colaboradores del certamen, informar\u00e1n y har\u00e1n un amplio seguimiento de todas las actividades del festival a trav\u00e9s de diferentes espacios. En cuanto a La Red de Televisiones Locales tambi\u00e9n ha firmado un convenio para ser un medio oficial del Festival. Este convenio har\u00e1 que, entre otras coberturas, la Red haga la realizaci\u00f3n y emisi\u00f3n en directo de la Gala de Conclusi\u00f3n y entrega de los Premios del Festival Zoom.<\/p>\n<h3>Gala de Clausura y entrega de Premios<\/h3>\n<p>La Gala de Clausura y Entrega de Premios del Zoom Festival tendr\u00e1 lugar el s\u00e1bado 25 de noviembre al Teatro Municipal el Ateneo de Igualada (calle Santo Pablo, 9), a partir de las 21.00h. Durante el acto se librar\u00e1n los premios del Zoom 2023 de la Secci\u00f3n Oficial, y se dar\u00e1n a conocer los ganadores del 10.\u00ba Showcase de Pilotos de Ficci\u00f3n.<\/p>\n","protected":false},"excerpt":{"rendered":"<p>Los Premios Zoom han recibido 81 inscripciones, provenientes de m\u00e1s de 14 pa\u00edses diferentes y se continuar\u00e1n premiando los mejores formatos de Ficci\u00f3n, Entretenimiento, Informativo, Deportivo, Cultural y Divulgativo Premios Zoom continuar\u00e1 ofreciendo las Zoom Class, en cuatro formatos diferentes,&hellip;<\/p>\n","protected":false},"author":8,"featured_media":22404,"comment_status":"closed","ping_status":"open","sticky":false,"template":"","format":"standard","meta":{"_mi_skip_tracking":false},"categories":[44],"tags":[],"_links":{"self":[{"href":"https:\/\/www.zoomfestival.org\/es\/wp-json\/wp\/v2\/posts\/22411"}],"collection":[{"href":"https:\/\/www.zoomfestival.org\/es\/wp-json\/wp\/v2\/posts"}],"about":[{"href":"https:\/\/www.zoomfestival.org\/es\/wp-json\/wp\/v2\/types\/post"}],"author":[{"embeddable":true,"href":"https:\/\/www.zoomfestival.org\/es\/wp-json\/wp\/v2\/users\/8"}],"replies":[{"embeddable":true,"href":"https:\/\/www.zoomfestival.org\/es\/wp-json\/wp\/v2\/comments?post=22411"}],"version-history":[{"count":5,"href":"https:\/\/www.zoomfestival.org\/es\/wp-json\/wp\/v2\/posts\/22411\/revisions"}],"predecessor-version":[{"id":22483,"href":"https:\/\/www.zoomfestival.org\/es\/wp-json\/wp\/v2\/posts\/22411\/revisions\/22483"}],"wp:featuredmedia":[{"embeddable":true,"href":"https:\/\/www.zoomfestival.org\/es\/wp-json\/wp\/v2\/media\/22404"}],"wp:attachment":[{"href":"https:\/\/www.zoomfestival.org\/es\/wp-json\/wp\/v2\/media?parent=22411"}],"wp:term":[{"taxonomy":"category","embeddable":true,"href":"https:\/\/www.zoomfestival.org\/es\/wp-json\/wp\/v2\/categories?post=22411"},{"taxonomy":"post_tag","embeddable":true,"href":"https:\/\/www.zoomfestival.org\/es\/wp-json\/wp\/v2\/tags?post=22411"}],"curies":[{"name":"wp","href":"https:\/\/api.w.org\/{rel}","templated":true}]}}