{"id":23517,"date":"2023-11-27T13:56:18","date_gmt":"2023-11-27T12:56:18","guid":{"rendered":"https:\/\/www.zoomfestival.org\/arxius\/23517"},"modified":"2023-11-27T14:01:51","modified_gmt":"2023-11-27T13:01:51","slug":"el-programa-quanta-guerra-les-ficcions-miro-i-cites-barcelona-de-3cat-i-el-programa-mapes-mentals-de-rtve-entre-els-distingi","status":"publish","type":"post","link":"https:\/\/www.zoomfestival.org\/es\/arxius\/23517","title":{"rendered":"El programa &#8216;Quanta Guerra!&#8217;, las ficciones &#8216;Mir\u00f3&#8217; y &#8216;Cites Barcelona&#8217; de 3Cat, y el programa &#8216;Mapes Mentals&#8217; de RTVE, se encuentran entre los distinguidos por los Premios Zoom."},"content":{"rendered":"<p>Los <strong>Premios Zoom Internacional de Contenidos Audiovisuales de Catalu\u00f1a<\/strong> han celebrado la gala de clausura y entrega de premios este s\u00e1bado por la noche, en el Teatro Ateneu de Igualada, en un evento presentado por el periodista<strong> Adam Mart\u00edn<\/strong> que ha contado con la presencia de muchas caras conocidas del sector cultural catal\u00e1n y espa\u00f1ol, as\u00ed como diversas autoridades. Este a\u00f1o, el certamen igualad\u00ed ha otorgado un total de 14 premios, que han sido mayoritariamente para producciones del pa\u00eds, pero tambi\u00e9n con presencia internacional. El certamen cierra su 21\u00aa edici\u00f3n, en la que se ha potenciado el valor de la convocatoria de premios, siendo estos los \u00fanicos galardones en Catalu\u00f1a que valoran y apuestan por el contenido televisivo de calidad e internacional.<\/p>\n<p>En la Secci\u00f3n Oficial, la serie catalana <strong><em>\u00abCites Barcelona\u00bb<\/em><\/strong> (2023), dirigida por Pau Freixas, David Selvas, Paco Caballero, Patricia Font y Carles Torrens, y producida por 3Cat y Arca Audiovisual, se ha llevado el <strong>Premio a la Mejor Serie de Ficci\u00f3n<\/strong>. El jurado destac\u00f3 que la producci\u00f3n tiene \u00abun gui\u00f3n inteligente lleno de matices, explorando temas como el miedo al compromiso, la b\u00fasqueda del amor verdadero y la complejidad de las relaciones modernas, abordando cuestiones sociales y culturales que reflejan la diversidad de nuestra sociedad\u00bb. Adem\u00e1s, el jurado de esta categor\u00eda decidi\u00f3 otorgar una menci\u00f3n especial a la serie<strong> <em>\u00abAix\u00f2 no \u00e9s Su\u00e8cia\u00bb<\/em><\/strong>, dirigida por Aina Clotet y Mar Coll, producida por Nanouk Films, Funicular Films, Anagram Sweden, 3Cat, RTVE, SVT, NDR, YLE, por su \u00abenfoque fresco, con un trasfondo de cr\u00edtica social, a trav\u00e9s de situaciones disparatadas como la convivencia, la amistad, el amor, la identidad y las diferencias culturales\u00bb.<\/p>\n<p>La obra galardonada como la <strong>Mejor TV-Movie de Ficci\u00f3n<\/strong> ha sido<em><strong> \u00abMir\u00f3\u00bb<\/strong><\/em>, de Setm\u00e0gic Audiovisual, 3Cat, IB3 y \u00c0 Punt, un contenido que repasa la vida del artista, interpretado por el actor Eduardo Lloveras, quien tuvo que emigrar de una Barcelona gris y conservadora a un Par\u00eds en plena efervescencia cultural para darse a conocer, en un per\u00edodo convulso y lleno de guerras. Un joven que dedic\u00f3 su vida a buscar un lugar donde expresarse con su arte.<\/p>\n<p>El <strong>Premio al Mejor Formato de Informativos<\/strong> es para el documental<em><strong> \u00abDon&#8217;t Come Back\u00bb<\/strong><\/em>, de RAI, ARTE, Yuzu Productions, Indyca y ARPA Films, por ser un documental \u00aben primera persona, honesto, original, arriesgado e impecable\u00bb. El jurado considera que \u00abescapa de todo preciosismo, entretiene, ense\u00f1a y emociona\u00bb. En cuanto al <strong>Premio al Mejor Programa de Deportes<\/strong>, es para el documental<em> <strong>\u00abUnzu\u00e9, el \u00faltimo equipo del Juancar\u00bb<\/strong><\/em>, de 3Cat y A Contracorriente Films, por su estilo narrativo, tratamiento de contenidos y \u00ablos valores de superaci\u00f3n y emotividad que desprende desde el primer minuto\u00bb.<\/p>\n<p>El galard\u00f3n al <strong>Mejor Formato Cultural y Divulgativo<\/strong> es para el programa <em><strong>\u00abIl\u00b7luminats\u00bb<\/strong><\/em>, de 3Cat, una propuesta cultural singular que trata de pasar una noche entera en un espacio ins\u00f3lito conversando con un personaje relevante de la cultura. El jurado ha valorado que el programa apuesta por un formato \u00abarriesgado, original y entretenido\u00bb, y tambi\u00e9n han valorado muy positivamente que logra \u00abconvertir en f\u00e1cil una de las cosas m\u00e1s complicadas que hay en la narrativa audiovisual: hablar de cultura de manera comprensible para todas las audiencias\u00bb. En esta categor\u00eda, el jurado ha querido hacer una menci\u00f3n especial al programa <em><strong>\u00abMapes Mentals\u00bb<\/strong><\/em>, de Inc\u00eds Films y RTVE Catalunya, por \u00abtratar los temas con el objetivo de normalizar el hecho de hablar de c\u00f3mo nos sentimos, poner sobre la mesa la psicolog\u00eda y la salud mental, desde el entretenimiento y la empat\u00eda\u00bb.<\/p>\n<p>En cuanto al Premio al <strong>Mejor Programa de Entretenimiento<\/strong>, el jurado ha decidido que sea para <strong><em>\u00abQuanta guerra\u00bb<\/em><\/strong>, de 3cat, un docutainment de divulgaci\u00f3n hist\u00f3rica sobre la Guerra Civil. El jurado valora \u00absu vocaci\u00f3n de servicio p\u00fablico combinada con entretenimiento y por divulgar un episodio de nuestra historia que es importante que llegue a todo tipo de p\u00fablicos\u00bb. En esta categor\u00eda tambi\u00e9n se decidi\u00f3 hacer una menci\u00f3n especial al programa<strong><em> \u00abAix\u00f2 no \u00e9s una can\u00e7\u00f3\u00bb <\/em><\/strong>de 3Cat y Brutal Media, por \u00abdivulgar la m\u00fasica y la cultura a la gente joven haci\u00e9ndolo con un estilo din\u00e1mico y con los valores positivos de la m\u00fasica\u00bb.<\/p>\n<p>Adem\u00e1s de los premios de la Secci\u00f3n Oficial, a lo largo de la gala de clausura tambi\u00e9n se han entregado dos de los<strong> Premios de Honor Zoom 2023<\/strong>, que recogieron el c\u00f3mic<strong> Jos\u00e9 Corbacho <\/strong>y la cantante y actriz <strong>Nina<\/strong>. Corbacho fue galardonado por su larga, dilatada y polifac\u00e9tica carrera profesional vinculada al mundo de la televisi\u00f3n y el teatro, \u00abpor demostrar su versatilidad excepcional en diversas \u00e1reas del entretenimiento, como la televisi\u00f3n, el teatro y el cine, con un carisma \u00fanico y personal que sigue marcando su trayectoria y enamorando al p\u00fablico con su humor y positivismo\u00bb. En el momento de recoger el premio, Corbacho, adem\u00e1s de sus m\u00faltiples facetas en la televisi\u00f3n, destac\u00f3 sus inicios como actor teatral. Por su parte, Nina, al recoger el premio, fue reconocida por \u00absu dilatada carrera art\u00edstica que ha transcurrido durante cuarenta a\u00f1os entre la m\u00fasica, el teatro y la televisi\u00f3n, por su aportaci\u00f3n como divulgadora del arte del canto, la educaci\u00f3n de la voz y la interpretaci\u00f3n musical formando ya parte del imaginario televisivo a nivel nacional\u00bb. Nina explic\u00f3 que la televisi\u00f3n le ha dado mucho y quiso dedicar su galard\u00f3n a su madre.<\/p>\n<p>Como en la \u00faltima edici\u00f3n, la Denominaci\u00f3n de Origen (DO) Catalunya, colaboradora habitual del certamen, patrocina el<strong> Premio DO Catalunya al Mejor Formato de TV en catal\u00e1n<\/strong>, que se decidi\u00f3 por votaci\u00f3n popular en las redes y fue para el programa <strong><em>\u00abMapes Mentals\u00bb<\/em><\/strong>, de RTVE Catalunya e Inc\u00eds Films, un programa sobre psicolog\u00eda conducido por Ana Boadas que busca respuestas a temas que nos preocupan a la mayor\u00eda de nosotros.<\/p>\n<p>Durante la gala tambi\u00e9n se hizo p\u00fablico el ganador del<strong> 3er Premio CIMA-Zoom por la igualdad de g\u00e9nero<\/strong>, impulsado junto con la Asociaci\u00f3n de Mujeres Cineastas y Medios Audiovisuales (CIMA), que fue para el programa <strong><em>\u00abSense ficci\u00f3: Bruixes, la gran mentida\u00bb<\/em><\/strong>, de 3Cat y S\u00e0piens, \u00abpor dar voz al asesinato de 1000 mujeres en 10 a\u00f1os, por la novedad de enfoque, el discurso diverso y anti patriarcal, la innovaci\u00f3n narrativa, la factura de producci\u00f3n y la capacidad de impacto en la audiencia\u00bb.<\/p>\n<p>Los<strong> Premios del 10\u00ba Showcase de Pilotos de Ficci\u00f3n de Serielizados y Premios Zoom <\/strong>tambi\u00e9n se entregaron en esta gala de clausura. El Premio del P\u00fablico-Popitas, dotado con 300\u20ac, fue para el piloto de ficci\u00f3n que obtuvo m\u00e1s votos del p\u00fablico en Barcelona y Madrid:<em> \u00abEncontrar la calma\u00bb<\/em>, de Alex Ayres y Sandra Flores. En cuanto al Premio del Jurado-DAMA, valorado en 1.500\u20ac y decidido por un jurado formado por profesionales del audiovisual, se otorg\u00f3 ex aequo a <em>\u00abA Arte de ser (mal) pai\u00bb<\/em>, de Porco Brav\u00fa y a <em>\u00abTrippieconte\u00bb<\/em>, de Santa Penya. Por \u00faltimo, este a\u00f1o hubo un tercer premio, gentileza de Antaviana Films, valorado en 3000\u20ac para la postproducci\u00f3n, que fue para <em>\u00abBruno&#038;Co\u00bb<\/em>, de Alejo Levis y Bruno Oro.<\/p>\n","protected":false},"excerpt":{"rendered":"<p>Los Premios Zoom Internacional de Contenidos Audiovisuales de Catalu\u00f1a han celebrado la gala de clausura y entrega de premios este s\u00e1bado por la noche, en el Teatro Ateneu de Igualada, en un evento presentado por el periodista Adam Mart\u00edn que&hellip;<\/p>\n","protected":false},"author":8,"featured_media":23515,"comment_status":"closed","ping_status":"open","sticky":false,"template":"","format":"standard","meta":{"_mi_skip_tracking":false},"categories":[45,44],"tags":[],"_links":{"self":[{"href":"https:\/\/www.zoomfestival.org\/es\/wp-json\/wp\/v2\/posts\/23517"}],"collection":[{"href":"https:\/\/www.zoomfestival.org\/es\/wp-json\/wp\/v2\/posts"}],"about":[{"href":"https:\/\/www.zoomfestival.org\/es\/wp-json\/wp\/v2\/types\/post"}],"author":[{"embeddable":true,"href":"https:\/\/www.zoomfestival.org\/es\/wp-json\/wp\/v2\/users\/8"}],"replies":[{"embeddable":true,"href":"https:\/\/www.zoomfestival.org\/es\/wp-json\/wp\/v2\/comments?post=23517"}],"version-history":[{"count":3,"href":"https:\/\/www.zoomfestival.org\/es\/wp-json\/wp\/v2\/posts\/23517\/revisions"}],"predecessor-version":[{"id":23520,"href":"https:\/\/www.zoomfestival.org\/es\/wp-json\/wp\/v2\/posts\/23517\/revisions\/23520"}],"wp:featuredmedia":[{"embeddable":true,"href":"https:\/\/www.zoomfestival.org\/es\/wp-json\/wp\/v2\/media\/23515"}],"wp:attachment":[{"href":"https:\/\/www.zoomfestival.org\/es\/wp-json\/wp\/v2\/media?parent=23517"}],"wp:term":[{"taxonomy":"category","embeddable":true,"href":"https:\/\/www.zoomfestival.org\/es\/wp-json\/wp\/v2\/categories?post=23517"},{"taxonomy":"post_tag","embeddable":true,"href":"https:\/\/www.zoomfestival.org\/es\/wp-json\/wp\/v2\/tags?post=23517"}],"curies":[{"name":"wp","href":"https:\/\/api.w.org\/{rel}","templated":true}]}}