{"id":24911,"date":"2025-06-02T15:33:24","date_gmt":"2025-06-02T13:33:24","guid":{"rendered":"https:\/\/www.zoomfestival.org\/?p=24911"},"modified":"2025-06-02T15:34:06","modified_gmt":"2025-06-02T13:34:06","slug":"se-abren-las-inscripciones-para-participar-en-la-23a-edicion-de-los-premios-zoom-que-se-celebraran-en-noviembre-en-igualada","status":"publish","type":"post","link":"https:\/\/www.zoomfestival.org\/es\/arxius\/24911","title":{"rendered":"Se abren las inscripciones para participar en la 23\u00aa edici\u00f3n de los Premios Zoom, que se celebrar\u00e1n en noviembre en Igualada"},"content":{"rendered":"<p>Ya est\u00e1n abiertas las inscripciones para participar en la 23\u00aa edici\u00f3n de los Premios Zoom de Televisi\u00f3n y Plataformas Digitales, que tendr\u00e1 lugar en Igualada del 20 al 22 de noviembre de 2025. La convocatoria est\u00e1 dirigida a productoras, televisiones y profesionales independientes de todo el mundo que deseen presentar sus trabajos en cualquiera de los formatos admitidos.<br \/>\nLas inscripciones se pueden formalizar a trav\u00e9s de la p\u00e1gina web oficial del festival, www.zoomfestival.org, donde tambi\u00e9n se pueden consultar las bases completas de participaci\u00f3n. El plazo para presentar candidaturas estar\u00e1 abierto hasta el 29 de agosto de 2025.<br \/>\nLos Premios Zoom reconocen producciones audiovisuales en las siguientes categor\u00edas:<br \/>\n\u2022\tEntretenimiento<br \/>\n\u2022\tInformativo<br \/>\n\u2022\tCultural y divulgativo<br \/>\n\u2022\tDeportivo<br \/>\n\u2022\tFicci\u00f3n TV Movies<br \/>\n\u2022\tFicci\u00f3n Miniseries<br \/>\nCon m\u00e1s de dos d\u00e9cadas de trayectoria, los Premios Zoom se han consolidado como un referente internacional en la promoci\u00f3n de contenidos audiovisuales innovadores, multiplataforma y de calidad. La gala de entrega de premios volver\u00e1 a reunir a profesionales del sector, creadores y p\u00fablico en Igualada (Barcelona).<\/p>\n","protected":false},"excerpt":{"rendered":"<p>Ya est\u00e1n abiertas las inscripciones para participar en la 23\u00aa edici\u00f3n de los Premios Zoom de Televisi\u00f3n y Plataformas Digitales, que tendr\u00e1 lugar en Igualada del 20 al 22 de noviembre de 2025. La convocatoria est\u00e1 dirigida a productoras, televisiones&hellip;<\/p>\n","protected":false},"author":8,"featured_media":24892,"comment_status":"open","ping_status":"open","sticky":false,"template":"","format":"standard","meta":{"_mi_skip_tracking":false},"categories":[31,44],"tags":[],"_links":{"self":[{"href":"https:\/\/www.zoomfestival.org\/es\/wp-json\/wp\/v2\/posts\/24911"}],"collection":[{"href":"https:\/\/www.zoomfestival.org\/es\/wp-json\/wp\/v2\/posts"}],"about":[{"href":"https:\/\/www.zoomfestival.org\/es\/wp-json\/wp\/v2\/types\/post"}],"author":[{"embeddable":true,"href":"https:\/\/www.zoomfestival.org\/es\/wp-json\/wp\/v2\/users\/8"}],"replies":[{"embeddable":true,"href":"https:\/\/www.zoomfestival.org\/es\/wp-json\/wp\/v2\/comments?post=24911"}],"version-history":[{"count":1,"href":"https:\/\/www.zoomfestival.org\/es\/wp-json\/wp\/v2\/posts\/24911\/revisions"}],"predecessor-version":[{"id":24912,"href":"https:\/\/www.zoomfestival.org\/es\/wp-json\/wp\/v2\/posts\/24911\/revisions\/24912"}],"wp:featuredmedia":[{"embeddable":true,"href":"https:\/\/www.zoomfestival.org\/es\/wp-json\/wp\/v2\/media\/24892"}],"wp:attachment":[{"href":"https:\/\/www.zoomfestival.org\/es\/wp-json\/wp\/v2\/media?parent=24911"}],"wp:term":[{"taxonomy":"category","embeddable":true,"href":"https:\/\/www.zoomfestival.org\/es\/wp-json\/wp\/v2\/categories?post=24911"},{"taxonomy":"post_tag","embeddable":true,"href":"https:\/\/www.zoomfestival.org\/es\/wp-json\/wp\/v2\/tags?post=24911"}],"curies":[{"name":"wp","href":"https:\/\/api.w.org\/{rel}","templated":true}]}}