{"id":25816,"date":"2025-10-31T09:49:29","date_gmt":"2025-10-31T08:49:29","guid":{"rendered":"https:\/\/www.zoomfestival.org\/?p=25816"},"modified":"2025-10-31T13:13:44","modified_gmt":"2025-10-31T12:13:44","slug":"producciones-de-todo-el-mundo-entre-las-finalistas-de-los-premios-zoom-2025","status":"publish","type":"post","link":"https:\/\/www.zoomfestival.org\/es\/arxius\/25816","title":{"rendered":"Producciones de todo el mundo entre las finalistas de los Premios Zoom 2025"},"content":{"rendered":"<p>Este noviembre, el Teatro Municipal Ateneu de Igualada volver\u00e1 a ser el punto de encuentro para los profesionales del mundo audiovisual. La gala de la 23\u00aa edici\u00f3n de los Premios Zoom, los \u00fanicos galardones catalanes que premian contenidos televisivos y digitales de alcance internacional, tendr\u00e1 lugar el s\u00e1bado 22 de noviembre con la periodista y presentadora de televisi\u00f3n Danae Boronat como maestra de ceremonias.<\/p>\n<p>Este a\u00f1o, el Zoom llega con una novedad destacada: la creaci\u00f3n de una nueva categor\u00eda en la secci\u00f3n oficial para programas infantiles y juveniles, que cada vez ocupan m\u00e1s espacios en las parrillas de plataformas y televisiones.<\/p>\n<p><strong>Una edici\u00f3n con gran presencia internacional<\/strong><\/p>\n<p>Este a\u00f1o se han seleccionado un total de 52 proyectos de entre las 121 candidaturas recibidas durante los meses de julio y agosto. Entre los finalistas destaca una gran variedad de proyectos internacionales con participaci\u00f3n de pa\u00edses como Italia, Francia, Taiw\u00e1n o Canad\u00e1. Entre los seleccionados hay producciones catalanas como La Travessa. Expedici\u00f3 Mediterrani y Et faran un home de 3CAT o Hospital de proximitat de La Xarxa+, y producciones internacionales como The Wish Swap de Muse Entertainment (Canad\u00e1) o Black Tide Island de Hakka TV (Taiw\u00e1n). Todos los proyectos seleccionados pueden consultarse en la web del festival <a href=\"https:\/\/www.zoomfestival.org\/es\/secciones-zoom-2024\">www.premiszoom.org.<\/a><\/p>\n<p><strong>Se estrena una nueva categor\u00eda para programas infantiles y juveniles<\/strong><\/p>\n<p>En total, ser\u00e1n seis las categor\u00edas oficiales dentro del festival: entretenimiento, abierta a concursos, reality shows, talk shows, factual magazines, late shows y programas de humor; informativos, con noticiarios, reportajes, debates, entrevistas y especiales informativos; culturales y divulgativos, como documentales y programas musicales y educativos; deportes, que engloba tanto programas como retransmisiones; ficci\u00f3n, abierta a TV movies, miniseries y series; y, infantiles o juveniles, una nueva categor\u00eda que se estrena este a\u00f1o para programas dirigidos a ni\u00f1os y adolescentes, creada como respuesta a la creciente demanda de inscripciones de contenido educativo y de entretenimiento para este p\u00fablico, que hasta ahora se repart\u00eda entre distintas categor\u00edas.<\/p>\n<p>Esta edici\u00f3n tambi\u00e9n llega con producciones pioneras entre los seleccionados. En la secci\u00f3n oficial de deportes, L\u2019Igualada etern. La llegenda continua se ha convertido en la primera producci\u00f3n igualadina que opta a un Premio Zoom. La otra gran novedad es la producci\u00f3n italiana Le\u00f3n de Per\u00fa, la primera producci\u00f3n realizada \u00edntegramente por los medios de comunicaci\u00f3n del Vaticano.<\/p>\n<p>Por otro lado, durante la gala tambi\u00e9n se entregar\u00e1n los Premios Showcase Short Forms, que, como el a\u00f1o pasado, ser\u00e1n elegidos por estudiantes de Igualada, el Premio al Mejor Formato de TV por la Igualdad de G\u00e9nero, y las mejores producciones en catal\u00e1n podr\u00e1n optar al Premio D.O. Catalunya. Asimismo, la direcci\u00f3n del Zoom otorgar\u00e1 los Premios de Honor, que se dar\u00e1n a conocer pr\u00f3ximamente y que en ediciones anteriores han reconocido a personalidades con una destacada trayectoria como M\u00f2nica Terribas, Santi Mill\u00e1n, Jos\u00e9 Corbacho, Olga Viza, Jordi \u00c9vole, Mari Pau Huguet o Antoni Bassas.<\/p>\n<p><strong>Un jurado profesional y con gran trayectoria<\/strong><\/p>\n<p>Como cada a\u00f1o, el Festival Zoom cuenta con un jurado formado por destacados profesionales del mundo audiovisual. En la categor\u00eda de Ficci\u00f3n participan Jaume Santacana, Silvia Quer y Bel\u00e9n Mac\u00edas. En Entretenimiento y Deportes, el jurado est\u00e1 integrado por Eugenia Gin\u00e9, N\u00faria Giron\u00e8s y Santi Vidal. Para los contenidos Culturales e Informativos, decidir\u00e1n los premiados Morrosko Vila San Juan, Maiol Virgili y N\u00faria Vila. El Premio a la Igualdad contar\u00e1, como el a\u00f1o pasado, con la experiencia de Rosa Montes, Elisa Bogalheiro y Olga Fibla, quienes tambi\u00e9n ser\u00e1n las encargadas de elegir a los premiados de la nueva secci\u00f3n infantil y juvenil.<\/p>\n<p><strong>Un festival con actividades para todas las edades<\/strong><\/p>\n<p>En los d\u00edas previos a la gala del Festival Zoom, los estudiantes de las escuelas e institutos de Igualada participar\u00e1n en diferentes talleres relacionados con producciones catalanas. El jueves 20 de noviembre, los alumnos de ciclo superior de primaria y ESO asistir\u00e1n a la Zoomclass del SuperCampus, dedicada a la educaci\u00f3n, la memoria hist\u00f3rica y el pensamiento cr\u00edtico. Ese mismo d\u00eda, los m\u00e1s peque\u00f1os \u2014de primer y segundo ciclo de primaria\u2014 disfrutar\u00e1n de la Zoomclass del Tit\u00f3, que contar\u00e1 con la presencia de John C, el personaje interpretado por Joan Carles Romeu. El viernes 21 de noviembre, los estudiantes de ESO, bachillerato y ciclos formativos podr\u00e1n conocer de cerca la nueva serie de 3Cat con la Zoomclass de Sense filtres.<\/p>\n<p>Con esta programaci\u00f3n, el Zoom reafirma su voluntad de ser un espacio de formaci\u00f3n y creaci\u00f3n abierto a toda la ciudadan\u00eda, con el objetivo de despertar el inter\u00e9s por la televisi\u00f3n y el cine.<\/p>\n<p><strong>Danae Boronat, presentadora de la gala<\/strong><\/p>\n<p>La gala de los Premios Zoom tendr\u00e1 lugar el 22 de noviembre a las 21 h en el Teatre Municipal Ateneu de Igualada y estar\u00e1 presentada por la periodista Danae Boronat, conocida por su implicaci\u00f3n en el periodismo deportivo y por ser pionera en la retransmisi\u00f3n deportiva. Colaboradora de Rac1 y la Cadena SER, Boronat ha estado al frente de programas como Zona Franca en 3Cat y actualmente presenta cada tarde el magazine de entretenimiento l\u2019Altaveu en La 2 Cat de TVE.<\/p>\n<p>Como es habitual, la gala contar\u00e1 con la presencia de numerosas figuras destacadas del mundo audiovisual. Las entradas para la gala tendr\u00e1n un precio de 4 \u20ac y podr\u00e1n adquirirse a partir del 10 de noviembre en la web <a href=\"https:\/\/tiquetsigualada.cat\/\">tiquetsigualada.cat<\/a>, una oportunidad asequible para que el p\u00fablico pueda vivir en directo la noche m\u00e1s especial del festival.<\/p>\n","protected":false},"excerpt":{"rendered":"<p>Este noviembre, el Teatro Municipal Ateneu de Igualada volver\u00e1 a ser el punto de encuentro para los profesionales del mundo audiovisual. La gala de la 23\u00aa edici\u00f3n de los Premios Zoom, los \u00fanicos galardones catalanes que premian contenidos televisivos y&hellip;<\/p>\n","protected":false},"author":8,"featured_media":25824,"comment_status":"open","ping_status":"open","sticky":false,"template":"","format":"standard","meta":{"_mi_skip_tracking":false},"categories":[31,44],"tags":[],"_links":{"self":[{"href":"https:\/\/www.zoomfestival.org\/es\/wp-json\/wp\/v2\/posts\/25816"}],"collection":[{"href":"https:\/\/www.zoomfestival.org\/es\/wp-json\/wp\/v2\/posts"}],"about":[{"href":"https:\/\/www.zoomfestival.org\/es\/wp-json\/wp\/v2\/types\/post"}],"author":[{"embeddable":true,"href":"https:\/\/www.zoomfestival.org\/es\/wp-json\/wp\/v2\/users\/8"}],"replies":[{"embeddable":true,"href":"https:\/\/www.zoomfestival.org\/es\/wp-json\/wp\/v2\/comments?post=25816"}],"version-history":[{"count":2,"href":"https:\/\/www.zoomfestival.org\/es\/wp-json\/wp\/v2\/posts\/25816\/revisions"}],"predecessor-version":[{"id":25964,"href":"https:\/\/www.zoomfestival.org\/es\/wp-json\/wp\/v2\/posts\/25816\/revisions\/25964"}],"wp:featuredmedia":[{"embeddable":true,"href":"https:\/\/www.zoomfestival.org\/es\/wp-json\/wp\/v2\/media\/25824"}],"wp:attachment":[{"href":"https:\/\/www.zoomfestival.org\/es\/wp-json\/wp\/v2\/media?parent=25816"}],"wp:term":[{"taxonomy":"category","embeddable":true,"href":"https:\/\/www.zoomfestival.org\/es\/wp-json\/wp\/v2\/categories?post=25816"},{"taxonomy":"post_tag","embeddable":true,"href":"https:\/\/www.zoomfestival.org\/es\/wp-json\/wp\/v2\/tags?post=25816"}],"curies":[{"name":"wp","href":"https:\/\/api.w.org\/{rel}","templated":true}]}}