{"id":8008,"date":"2017-11-14T12:45:15","date_gmt":"2017-11-14T11:45:15","guid":{"rendered":"http:\/\/www.zoomigualada.org\/?p=8008"},"modified":"2018-09-24T10:50:27","modified_gmt":"2018-09-24T08:50:27","slug":"movistar-sesiones-plus","status":"publish","type":"post","link":"https:\/\/www.zoomfestival.org\/es\/arxius\/8008","title":{"rendered":"Movistar+ participa en el Festival Zoom con las #SesionesMovistarPlus"},"content":{"rendered":"<p><span style=\"color: #000000;\"><span class=\"\"><img loading=\"lazy\" class=\"wp-image-8005 alignleft\" src=\"http:\/\/www.zoomigualada.org\/wp-content\/uploads\/2017\/11\/la-verg\u00fcenza1.jpg\" alt=\"\" height=\"235\" width=\"352\">Un a\u00f1o m\u00e1s&nbsp;<strong class=\"\">Movistar+&nbsp;participa en el festival Zoom dentro de las&nbsp;secciones&nbsp;Zoom Series<\/strong><\/span>&nbsp;y&nbsp;<strong class=\"\">Zoom Class<\/strong><span class=\"\">. Fruto&nbsp;de&nbsp;la colaboraci\u00f3n de Movistar+ se proyectar\u00e1n dos cap\u00edtulos de la serie&nbsp;original de Movistar+&nbsp;<em class=\"\"><strong class=\"\">La Zona<\/strong><\/em>, creada por Jorge y&nbsp;Alberto S\u00e1nchez-Cabezudo que narra los acontecimientos que pasan tres a\u00f1os despu\u00e9s de un gran desastre nuclear en el norte de Espa\u00f1a, con la participaci\u00f3n de actores como Eduard Fern\u00e1ndez, \u00c1lvaro Cervantes, Emma Su\u00e1rez, Juan Echanove y&nbsp;Carlos Bardem, entre otros.<br class=\"\"> <br class=\"\"> El Festival Zoom y Movistar+ tambi\u00e9n pre-estrenar\u00e1n&nbsp;los dos primeros cap\u00edtulos de la serie<span class=\"x_Apple-converted-space\">&nbsp;<\/span><em class=\"\"><strong class=\"\">Verg\u00fcenza<\/strong><\/em>, protagonizada por&nbsp;Javier Guti\u00e9rrez y&nbsp;Malena Alterio, una divertida comedia sobre una pareja que siempre acaba sintiendo verguenza de sus situaciones.&nbsp;<br class=\"\"> <br class=\"\"> Finalmente, dentro de una sesi\u00f3n Zoom Class y dentro de esta colaboraci\u00f3n,&nbsp;podremos descubrir<\/span>&nbsp;c\u00f3mo surgi\u00f3&nbsp;<span class=\"\"><strong class=\"\"><em class=\"\">La B\u00fasqueda<\/em><\/strong><\/span>,&nbsp; el nuevo programa de #0, el canal exclusivo&nbsp;de Movistar+; la idea, c\u00f3mo se rod\u00f3 y las particularidades de la serie, que nos<span class=\"\">&nbsp;muestra&nbsp;lugares remotos, de dif\u00edcil acceso&nbsp;y&nbsp;muchas veces inexplorados de la mano&nbsp;de Diego Cortijo, un polic\u00eda nacional que ha realizado expediciones&nbsp;a Paititi (Per\u00fa), Yonaguni (Jap\u00f3n), Xibalba (M\u00e9xico) y&nbsp;Thule (Groenlandia).&nbsp;<\/span><\/span><\/p>\n<p><span style=\"color: #000000;\"><strong class=\"\">La 15\u00aa&nbsp;edici\u00f3n del Festival Zoom<\/strong><strong class=\"\"> tendr\u00e1 lugar del 21 al 26&nbsp;de noviembre<span class=\"x_Apple-converted-space\">&nbsp;<\/span><\/strong>en Igualada y&nbsp;Barcelona.&nbsp;Una cita imperdible para todos los amantes de la&nbsp;<strong class=\"\">ficci\u00f3n para televisi\u00f3n&nbsp;de Catalu\u00f1a, el Estado Espa\u00f1ol&nbsp;y&nbsp;de todo el mundo.&nbsp;<\/strong><\/span><\/p>\n","protected":false},"excerpt":{"rendered":"<p>Un a\u00f1o m\u00e1s&nbsp;Movistar+&nbsp;participa en el festival Zoom dentro de las&nbsp;secciones&nbsp;Zoom Series&nbsp;y&nbsp;Zoom Class. Fruto&nbsp;de&nbsp;la colaboraci\u00f3n de Movistar+ se proyectar\u00e1n dos cap\u00edtulos de la serie&nbsp;original de Movistar+&nbsp;La Zona, creada por Jorge y&nbsp;Alberto S\u00e1nchez-Cabezudo que narra los acontecimientos que pasan tres a\u00f1os despu\u00e9s&hellip;<\/p>\n","protected":false},"author":2,"featured_media":0,"comment_status":"closed","ping_status":"open","sticky":false,"template":"","format":"standard","meta":{"_mi_skip_tracking":false},"categories":[40,41],"tags":[],"_links":{"self":[{"href":"https:\/\/www.zoomfestival.org\/es\/wp-json\/wp\/v2\/posts\/8008"}],"collection":[{"href":"https:\/\/www.zoomfestival.org\/es\/wp-json\/wp\/v2\/posts"}],"about":[{"href":"https:\/\/www.zoomfestival.org\/es\/wp-json\/wp\/v2\/types\/post"}],"author":[{"embeddable":true,"href":"https:\/\/www.zoomfestival.org\/es\/wp-json\/wp\/v2\/users\/2"}],"replies":[{"embeddable":true,"href":"https:\/\/www.zoomfestival.org\/es\/wp-json\/wp\/v2\/comments?post=8008"}],"version-history":[{"count":1,"href":"https:\/\/www.zoomfestival.org\/es\/wp-json\/wp\/v2\/posts\/8008\/revisions"}],"predecessor-version":[{"id":8753,"href":"https:\/\/www.zoomfestival.org\/es\/wp-json\/wp\/v2\/posts\/8008\/revisions\/8753"}],"wp:attachment":[{"href":"https:\/\/www.zoomfestival.org\/es\/wp-json\/wp\/v2\/media?parent=8008"}],"wp:term":[{"taxonomy":"category","embeddable":true,"href":"https:\/\/www.zoomfestival.org\/es\/wp-json\/wp\/v2\/categories?post=8008"},{"taxonomy":"post_tag","embeddable":true,"href":"https:\/\/www.zoomfestival.org\/es\/wp-json\/wp\/v2\/tags?post=8008"}],"curies":[{"name":"wp","href":"https:\/\/api.w.org\/{rel}","templated":true}]}}