{"id":9942,"date":"2018-10-18T13:14:32","date_gmt":"2018-10-18T11:14:32","guid":{"rendered":"https:\/\/www.zoomfestival.org\/laura-rosel-polonia-i-la-resistencia-seran-guardonats-amb-els-premis-zoom-de-formats-de-televisio\/"},"modified":"2018-10-18T17:26:12","modified_gmt":"2018-10-18T15:26:12","slug":"laura-rosel-polonia-y-la-resistencia-seran-galardonados-con-los-premios-zoom-de-formatos-de-television","status":"publish","type":"post","link":"https:\/\/www.zoomfestival.org\/es\/arxius\/9942","title":{"rendered":"Laura Rosel, Polonia y La Resistencia seran galardonados con los premios Zoom de Formatos de Televisi\u00f3n"},"content":{"rendered":"<p>El Festival Zoom, que tendr\u00e1 lugar del 20 al 25 de noviembre, ha incorporado este a\u00f1o como novedad destacada los <strong>premios Zoom de Formatos de Televisi\u00f3n<\/strong>. El objetivo es reconocer todos los contenidos audiovisuales de calidad, m\u00e1s all\u00e1 de la ficci\u00f3n, \u00e1mbito en el cual se ha centrado el certamen hasta la actual edici\u00f3n, la 16a. As\u00ed, este a\u00f1o se a\u00f1aden tres nuevos galardones, y los primeros premiados de la nueva categor\u00eda ser\u00e1n la periodista y presentadora<strong>\u00a0Laura Rosel <\/strong>para<strong>\u00a0Mejor Conducci\u00f3n de\u00a0Programa<\/strong>, el espacio de s\u00e1tira pol\u00edtica\u00a0<strong><em>Polonia\u00a0<\/em><\/strong>en la categor\u00eda de<strong> Mejor Formato Consolidado <\/strong>y\u00a0el late late show\u00a0<strong><em>La Resistencia\u00a0<\/em><\/strong>como<strong>\u00a0Mejor Nuevo Formato.<\/strong><\/p>\n<p><strong>Rosel<\/strong>, que cuenta con una dilatada carrera profesional en la radio y televisi\u00f3n como conductora de informativos y programas de entretenimiento, ser\u00e1 galardonada con el <strong>Premio Zoom Formatos a la Mejor Conducci\u00f3n de programa<\/strong> por su tarea al frente del programa informativo de an\u00e1lisis <strong><em>Preguntes Freq\u00fcents<\/em><\/strong> <strong>de TV3<\/strong>. El programa tiene por objetivo <strong>entretener y debatir los temas de actualidad<\/strong> que se generan durante la semana. Desde enero de este a\u00f1o, <strong>Laura Rosel busca las claves de la actualidad, en directo, con la ayuda de las voces m\u00e1s diversas de pol\u00edticos, periodistas y expertos.<\/strong>\u00a0Adem\u00e1s del Preguntes Freq\u00fcents de TV3, Rosel ha presentado recientemente el programa de actualidad 8 al d\u00eda junto con Jordi Armenteras. Anteriormente hab\u00eda sido tambi\u00e9n editora del informativo diario 14\/15 a Rac 1, as\u00ed como de los programas diarios Not\u00edcies al mat\u00ed y Not\u00edcies Migdia en R\u00e0dio Sabadell.\u00a0<strong>El Premio Zoom Formatos a la Mejor Conducci\u00f3n se entregar\u00e1 el martes d\u00eda 20 de noviembre.<\/strong><\/p>\n<p><img loading=\"lazy\" class=\"alignleft size-large wp-image-9956\" src=\"https:\/\/www.zoomfestival.org\/wp-content\/uploads\/2018\/10\/Laura-Rosel-nova-web-1024x782.jpg\" alt=\"\" width=\"980\" height=\"748\" \/><\/p>\n<p>El <strong>Premio Zoom Formatos al Mejor Nuevo Formato<\/strong> ser\u00e1 para <strong><em>La Resistencia<\/em><\/strong>, el late late show m\u00e1s el\u00e9ctrico y loco de la televisi\u00f3n de la mano y el cerebro de <strong>David Broncano<\/strong>. El programa gira en torno a su universo, con esta <strong>capacidad personal de c\u00f3mico para convertir en mainstream lo alternativo, conseguir que el extraordinario sea tendencia y elevar un detalle insignificante a la categor\u00eda de trascendental<\/strong>. David Broncano cuenta con colaboradores como Dani Rovira, Antonio Resines, Jorge Ponce, Ricardo Castella, Quequ\u00e9, Pantomima Full, Ignatius Farray y Grisson, que lo acompa\u00f1an cada noche, adem\u00e1s de las <strong>entrevistas m\u00e1s surrealistas nunca vistas en televisi\u00f3n<\/strong>. El programa parte del modelo cl\u00e1sico de late night show y ofrece una versi\u00f3n reestructurada, con la entrevista y la improvisaci\u00f3n como ingredientes principales. Este espacio se emite desde el 1 de febrero de este a\u00f1o en el canal #0 de Movistar+, de lunes a jueves, a partir de la medianoche.<\/p>\n<p><img loading=\"lazy\" class=\"alignleft size-large wp-image-9936\" src=\"https:\/\/www.zoomfestival.org\/wp-content\/uploads\/2018\/10\/Presentaci\u00f3n-La-Resistencia\u00b4-05_Movistar-1024x683.jpg\" alt=\"\" width=\"980\" height=\"654\" \/><\/p>\n<p>El programa de s\u00e1tira pol\u00edtica <em><strong>Pol\u00f2nia<\/strong><\/em> se llevar\u00e1 el <strong>Premio Zoom Formatos al Mejor Formato consolidado<\/strong>. Estrenado en 2006, bajo la producci\u00f3n de Minoria Absoluta, <strong><em>Pol\u00f2nia<\/em> ha conseguido liderar el prime time de las noches de jueves en Catalu\u00f1a<\/strong>. M\u00e1s de 250 personajes del panorama pol\u00edtico y social, nacional e internacional, han sido parodiados en Pol\u00f2nia. El programa ha conseguido reunir un gran n\u00famero de imitadores y, a menudo, tambi\u00e9n los imitados. Un formato de humor y s\u00e1tira pol\u00edtica que <strong>ha sabido captar y retratar la actualidad pol\u00edtica con frescura<\/strong> y ha conseguido convertirse en un referente en la televisi\u00f3n y una cita semanal para muchos espectadores.<\/p>\n<p><img loading=\"lazy\" class=\"alignleft size-large wp-image-9931\" src=\"https:\/\/www.zoomfestival.org\/wp-content\/uploads\/2018\/10\/IMG_9377-1024x611.jpg\" alt=\"\" width=\"980\" height=\"585\" \/><\/p>\n<p>&nbsp;<\/p>\n","protected":false},"excerpt":{"rendered":"<p>El Festival Zoom, que tendr\u00e1 lugar del 20 al 25 de noviembre, ha incorporado este a\u00f1o como novedad destacada los premios Zoom de Formatos de Televisi\u00f3n. El objetivo es reconocer todos los contenidos audiovisuales de calidad, m\u00e1s all\u00e1 de la&hellip;<\/p>\n","protected":false},"author":6,"featured_media":9945,"comment_status":"open","ping_status":"open","sticky":false,"template":"","format":"standard","meta":{"_mi_skip_tracking":false},"categories":[45,44],"tags":[],"_links":{"self":[{"href":"https:\/\/www.zoomfestival.org\/es\/wp-json\/wp\/v2\/posts\/9942"}],"collection":[{"href":"https:\/\/www.zoomfestival.org\/es\/wp-json\/wp\/v2\/posts"}],"about":[{"href":"https:\/\/www.zoomfestival.org\/es\/wp-json\/wp\/v2\/types\/post"}],"author":[{"embeddable":true,"href":"https:\/\/www.zoomfestival.org\/es\/wp-json\/wp\/v2\/users\/6"}],"replies":[{"embeddable":true,"href":"https:\/\/www.zoomfestival.org\/es\/wp-json\/wp\/v2\/comments?post=9942"}],"version-history":[{"count":8,"href":"https:\/\/www.zoomfestival.org\/es\/wp-json\/wp\/v2\/posts\/9942\/revisions"}],"predecessor-version":[{"id":9963,"href":"https:\/\/www.zoomfestival.org\/es\/wp-json\/wp\/v2\/posts\/9942\/revisions\/9963"}],"wp:featuredmedia":[{"embeddable":true,"href":"https:\/\/www.zoomfestival.org\/es\/wp-json\/wp\/v2\/media\/9945"}],"wp:attachment":[{"href":"https:\/\/www.zoomfestival.org\/es\/wp-json\/wp\/v2\/media?parent=9942"}],"wp:term":[{"taxonomy":"category","embeddable":true,"href":"https:\/\/www.zoomfestival.org\/es\/wp-json\/wp\/v2\/categories?post=9942"},{"taxonomy":"post_tag","embeddable":true,"href":"https:\/\/www.zoomfestival.org\/es\/wp-json\/wp\/v2\/tags?post=9942"}],"curies":[{"name":"wp","href":"https:\/\/api.w.org\/{rel}","templated":true}]}}